{"id":8692,"date":"2018-07-23T15:48:15","date_gmt":"2018-07-23T13:48:15","guid":{"rendered":"https:\/\/yerelsen.org.tr\/?p=8692"},"modified":"2018-07-23T15:48:15","modified_gmt":"2018-07-23T13:48:15","slug":"suhut-belediyesinde-gorusmeler-basladi","status":"publish","type":"post","link":"https:\/\/yerelsen.org.tr\/index.php\/suhut-belediyesinde-gorusmeler-basladi\/","title":{"rendered":"\u015euhut Belediyesi\u2019nde G\u00f6r\u00fc\u015fmeler Ba\u015flad\u0131"},"content":{"rendered":"<p><a href=\"https:\/\/yerelsen.org.tr\/wp-content\/uploads\/2018\/07\/IMG_5146.jpg\"><img loading=\"lazy\" decoding=\"async\" class=\"aligncenter  wp-image-8693\" src=\"https:\/\/yerelsen.org.tr\/wp-content\/uploads\/2018\/07\/IMG_5146-620x413.jpg\" alt=\"\" width=\"694\" height=\"462\" srcset=\"https:\/\/yerelsen.org.tr\/wp-content\/uploads\/2018\/07\/IMG_5146-620x413.jpg 620w, https:\/\/yerelsen.org.tr\/wp-content\/uploads\/2018\/07\/IMG_5146-768x512.jpg 768w, https:\/\/yerelsen.org.tr\/wp-content\/uploads\/2018\/07\/IMG_5146-850x567.jpg 850w, https:\/\/yerelsen.org.tr\/wp-content\/uploads\/2018\/07\/IMG_5146-220x145.jpg 220w, https:\/\/yerelsen.org.tr\/wp-content\/uploads\/2018\/07\/IMG_5146.jpg 1200w\" sizes=\"auto, (max-width: 694px) 100vw, 694px\" \/><\/a>Yerelsen\u2019in \u00fcye belediyelerinden \u015euhut\u2019ta toplu i\u015f s\u00f6zle\u015fmesi i\u00e7in g\u00f6r\u00fc\u015fmeler ba\u015flad\u0131. Olumlu bir atmosferde ge\u00e7en ilk g\u00f6r\u00fc\u015fmede belediye i\u015f\u00e7ilerini ilgilendiren s\u00f6zle\u015fme tasla\u011f\u0131 de\u011ferlendirildi.<\/p>\n<p>Yerelsen\u2019in i\u015fveren vekili s\u0131fat\u0131 ile dahil oldu\u011fu ilk toplant\u0131da \u015euhut Belediyesi\u2019ni Ba\u015fkan Yard\u0131mc\u0131s\u0131 Ahmet \u015eAH\u0130N ve \u0130nsan Kaynaklar\u0131 ve E\u011fitim M\u00fcd\u00fcr\u00fc Sabri YEYEN temsil etti. G\u00f6r\u00fc\u015fmede Yerelsen\u2019den ise sendika uzmanlar\u0131m\u0131zdan Cavit TOKPINAR ve Melih KURAN kat\u0131ld\u0131. Yap\u0131lan ilk g\u00f6r\u00fc\u015fmede i\u015f\u00e7i taraf\u0131n\u0131 temsil eden Belediye-\u0130\u015f Sendikas\u0131\u2019ndan ise Sendika \u015eube Ba\u015fkan\u0131 Y\u00fccel \u015eAH\u0130N, \u015eube Ba\u015fkan Yard\u0131mc\u0131s\u0131 Mehmet SELMAN, Ba\u015ftemsilci \u00c7etin \u00d6ZEN ve Temsilci \u0130brahim KABAK kat\u0131l\u0131m sa\u011flad\u0131.<\/p>\n<p>16 Temmuz 2018 tarihinde ger\u00e7ekle\u015fen toplant\u0131da \u015euhut Belediyesi i\u015f\u00e7ilerini ilgilendiren toplu i\u015f s\u00f6zle\u015fmesinin 68 as\u0131l ve 1 ek maddeden olu\u015fan tasla\u011f\u0131 g\u00f6r\u00fc\u015f\u00fcld\u00fc. S\u00f6zle\u015fmenin tamam\u0131n\u0131n de\u011ferlendirildi\u011fi toplant\u0131da 18 madde d\u0131\u015f\u0131nda t\u00fcm taslakta anla\u015fma sa\u011flanm\u0131\u015ft\u0131r.<\/p>\n<p>&nbsp;<\/p>\n<p>&nbsp;<\/p>\n","protected":false},"excerpt":{"rendered":"Yerelsen\u2019in \u00fcye belediyelerinden \u015euhut\u2019ta toplu i\u015f s\u00f6zle\u015fmesi i\u00e7in g\u00f6r\u00fc\u015fmeler ba\u015flad\u0131. Olumlu bir atmosferde ge\u00e7en ilk g\u00f6r\u00fc\u015fmede belediye i\u015f\u00e7ilerini ilgilendiren s\u00f6zle\u015fme [&hellip;]","protected":false},"author":3,"featured_media":8693,"comment_status":"closed","ping_status":"closed","sticky":false,"template":"","format":"standard","meta":{"footnotes":""},"categories":[24],"tags":[],"class_list":["post-8692","post","type-post","status-publish","format-standard","has-post-thumbnail","hentry","category-sozlesmeler"],"_links":{"self":[{"href":"https:\/\/yerelsen.org.tr\/index.php\/wp-json\/wp\/v2\/posts\/8692","targetHints":{"allow":["GET"]}}],"collection":[{"href":"https:\/\/yerelsen.org.tr\/index.php\/wp-json\/wp\/v2\/posts"}],"about":[{"href":"https:\/\/yerelsen.org.tr\/index.php\/wp-json\/wp\/v2\/types\/post"}],"author":[{"embeddable":true,"href":"https:\/\/yerelsen.org.tr\/index.php\/wp-json\/wp\/v2\/users\/3"}],"replies":[{"embeddable":true,"href":"https:\/\/yerelsen.org.tr\/index.php\/wp-json\/wp\/v2\/comments?post=8692"}],"version-history":[{"count":1,"href":"https:\/\/yerelsen.org.tr\/index.php\/wp-json\/wp\/v2\/posts\/8692\/revisions"}],"predecessor-version":[{"id":8694,"href":"https:\/\/yerelsen.org.tr\/index.php\/wp-json\/wp\/v2\/posts\/8692\/revisions\/8694"}],"wp:featuredmedia":[{"embeddable":true,"href":"https:\/\/yerelsen.org.tr\/index.php\/wp-json\/wp\/v2\/media\/8693"}],"wp:attachment":[{"href":"https:\/\/yerelsen.org.tr\/index.php\/wp-json\/wp\/v2\/media?parent=8692"}],"wp:term":[{"taxonomy":"category","embeddable":true,"href":"https:\/\/yerelsen.org.tr\/index.php\/wp-json\/wp\/v2\/categories?post=8692"},{"taxonomy":"post_tag","embeddable":true,"href":"https:\/\/yerelsen.org.tr\/index.php\/wp-json\/wp\/v2\/tags?post=8692"}],"curies":[{"name":"wp","href":"https:\/\/api.w.org\/{rel}","templated":true}]}}