{"id":8890,"date":"2018-12-27T23:27:14","date_gmt":"2018-12-27T21:27:14","guid":{"rendered":"https:\/\/yerelsen.org.tr\/?p=8890"},"modified":"2018-12-27T23:27:14","modified_gmt":"2018-12-27T21:27:14","slug":"sehzadeler-belediyesinde-gorusmeler-basladi","status":"publish","type":"post","link":"https:\/\/yerelsen.org.tr\/index.php\/sehzadeler-belediyesinde-gorusmeler-basladi\/","title":{"rendered":"\u015eehzadeler Belediyesi\u2019nde G\u00f6r\u00fc\u015fmeler Ba\u015flad\u0131"},"content":{"rendered":"<p><img loading=\"lazy\" decoding=\"async\" class=\"aligncenter  wp-image-8893\" src=\"https:\/\/yerelsen.org.tr\/wp-content\/uploads\/2018\/12\/408b14d3-f11c-46c9-9e81-42e6be69b302-620x465.jpg\" alt=\"\" width=\"703\" height=\"527\" srcset=\"https:\/\/yerelsen.org.tr\/wp-content\/uploads\/2018\/12\/408b14d3-f11c-46c9-9e81-42e6be69b302-620x465.jpg 620w, https:\/\/yerelsen.org.tr\/wp-content\/uploads\/2018\/12\/408b14d3-f11c-46c9-9e81-42e6be69b302-768x576.jpg 768w, https:\/\/yerelsen.org.tr\/wp-content\/uploads\/2018\/12\/408b14d3-f11c-46c9-9e81-42e6be69b302-850x638.jpg 850w, https:\/\/yerelsen.org.tr\/wp-content\/uploads\/2018\/12\/408b14d3-f11c-46c9-9e81-42e6be69b302.jpg 1599w\" sizes=\"auto, (max-width: 703px) 100vw, 703px\" \/><\/p>\n<p class=\"p1\"><span class=\"s1\">Yerelsen\u2019in \u00fcye kurulu\u015flar\u0131 aras\u0131nda yer alan \u015eehzadeler Belediyesi\u2019nde toplu i\u015f s\u00f6zle\u015fmesi g\u00f6r\u00fc\u015fmeleri ba\u015flad\u0131. 29 i\u015f\u00e7iyi ilgilendiren toplu i\u015f s\u00f6zle\u015fmesi g\u00f6r\u00fc\u015fmeleri, belediye hizmet binas\u0131nda 27.11.2018 tarihinde yap\u0131ld\u0131. <\/span><\/p>\n<p class=\"p1\"><span class=\"s1\">Yerelsen\u2019in \u00e7e\u015fitli temaslar\u0131n\u0131n ard\u0131ndan ba\u015flayan g\u00f6r\u00fc\u015fmelerde \u015eehzadeler Belediyesi\u2019ni, Belediye Ba\u015fkan Yard\u0131mc\u0131s\u0131 Ahmet SONG\u00dcLER ile \u0130nsan Kaynaklar\u0131 ve E\u011fitim M\u00fcd\u00fcr\u00fc Osman UZUN temsil etti. Toplant\u0131ya i\u015fveren vekili s\u0131fat\u0131 ile dahil olan Yerelsen\u2019i ise sendika uzmanlar\u0131ndan Cavit TOKPINAR ve Melih KURAN temsil etti. \u0130\u015f\u00e7i taraf\u0131nda yer alan Hizmet-\u0130\u015f sendikas\u0131n\u0131n da haz\u0131r bulundu\u011fu toplant\u0131ya Manisa \u015eube Ba\u015fkan\u0131 Turan KARAF\u0130L ve \u0130\u015fyeri Temsilcisi Mustafa ALTIPARMAK\u2019ta kat\u0131l\u0131m sa\u011flad\u0131. <\/span><\/p>\n<p class=\"p1\"><span class=\"s1\">Yap\u0131lan temenni konu\u015fmalar\u0131n\u0131n ard\u0131ndan ba\u015flayan s\u00f6zle\u015fme g\u00f6r\u00fc\u015fmelerinde i\u015f\u00e7i taraf\u0131n\u0131n haz\u0131rlad\u0131\u011f\u0131 28 maddelik toplu i\u015f s\u00f6zle\u015fmesi tasla\u011f\u0131 g\u00f6r\u00fc\u015f\u00fclm\u00fc\u015f, ilk 23 maddesi kabul edilirken di\u011fer maddelerin m\u00fczakeresine devam edilmesine karar verildi. <\/span><\/p>\n","protected":false},"excerpt":{"rendered":"Yerelsen\u2019in \u00fcye kurulu\u015flar\u0131 aras\u0131nda yer alan \u015eehzadeler Belediyesi\u2019nde toplu i\u015f s\u00f6zle\u015fmesi g\u00f6r\u00fc\u015fmeleri ba\u015flad\u0131. 29 i\u015f\u00e7iyi ilgilendiren toplu i\u015f s\u00f6zle\u015fmesi g\u00f6r\u00fc\u015fmeleri, [&hellip;]","protected":false},"author":3,"featured_media":8893,"comment_status":"closed","ping_status":"closed","sticky":false,"template":"","format":"standard","meta":{"footnotes":""},"categories":[24],"tags":[],"class_list":["post-8890","post","type-post","status-publish","format-standard","has-post-thumbnail","hentry","category-sozlesmeler"],"_links":{"self":[{"href":"https:\/\/yerelsen.org.tr\/index.php\/wp-json\/wp\/v2\/posts\/8890","targetHints":{"allow":["GET"]}}],"collection":[{"href":"https:\/\/yerelsen.org.tr\/index.php\/wp-json\/wp\/v2\/posts"}],"about":[{"href":"https:\/\/yerelsen.org.tr\/index.php\/wp-json\/wp\/v2\/types\/post"}],"author":[{"embeddable":true,"href":"https:\/\/yerelsen.org.tr\/index.php\/wp-json\/wp\/v2\/users\/3"}],"replies":[{"embeddable":true,"href":"https:\/\/yerelsen.org.tr\/index.php\/wp-json\/wp\/v2\/comments?post=8890"}],"version-history":[{"count":1,"href":"https:\/\/yerelsen.org.tr\/index.php\/wp-json\/wp\/v2\/posts\/8890\/revisions"}],"predecessor-version":[{"id":8894,"href":"https:\/\/yerelsen.org.tr\/index.php\/wp-json\/wp\/v2\/posts\/8890\/revisions\/8894"}],"wp:featuredmedia":[{"embeddable":true,"href":"https:\/\/yerelsen.org.tr\/index.php\/wp-json\/wp\/v2\/media\/8893"}],"wp:attachment":[{"href":"https:\/\/yerelsen.org.tr\/index.php\/wp-json\/wp\/v2\/media?parent=8890"}],"wp:term":[{"taxonomy":"category","embeddable":true,"href":"https:\/\/yerelsen.org.tr\/index.php\/wp-json\/wp\/v2\/categories?post=8890"},{"taxonomy":"post_tag","embeddable":true,"href":"https:\/\/yerelsen.org.tr\/index.php\/wp-json\/wp\/v2\/tags?post=8890"}],"curies":[{"name":"wp","href":"https:\/\/api.w.org\/{rel}","templated":true}]}}