{"id":8895,"date":"2018-12-27T23:29:11","date_gmt":"2018-12-27T21:29:11","guid":{"rendered":"https:\/\/yerelsen.org.tr\/?p=8895"},"modified":"2018-12-27T23:29:11","modified_gmt":"2018-12-27T21:29:11","slug":"ikizce-belediyesinde-tis-gorusmeleri","status":"publish","type":"post","link":"https:\/\/yerelsen.org.tr\/index.php\/ikizce-belediyesinde-tis-gorusmeleri\/","title":{"rendered":"\u0130kizce Belediyesi\u2019nde T\u0130S G\u00f6r\u00fc\u015fmeleri"},"content":{"rendered":"<p><img loading=\"lazy\" decoding=\"async\" class=\"aligncenter  wp-image-8899\" src=\"https:\/\/yerelsen.org.tr\/wp-content\/uploads\/2018\/12\/MANS\u0327ET-620x465.jpg\" alt=\"\" width=\"703\" height=\"527\" srcset=\"https:\/\/yerelsen.org.tr\/wp-content\/uploads\/2018\/12\/MANS\u0327ET-620x465.jpg 620w, https:\/\/yerelsen.org.tr\/wp-content\/uploads\/2018\/12\/MANS\u0327ET-768x576.jpg 768w, https:\/\/yerelsen.org.tr\/wp-content\/uploads\/2018\/12\/MANS\u0327ET-850x638.jpg 850w, https:\/\/yerelsen.org.tr\/wp-content\/uploads\/2018\/12\/MANS\u0327ET.jpg 1000w\" sizes=\"auto, (max-width: 703px) 100vw, 703px\" \/><\/p>\n<p class=\"p1\"><span class=\"s1\">Yerelsen\u2019in \u00fcye kurulu\u015flar\u0131ndan \u0130kizce Belediyesi\u2019nde 6 i\u015f\u00e7iyi ilgilendiren toplu i\u015f s\u00f6zle\u015fmesi g\u00f6r\u00fc\u015fmeleri ba\u015flad\u0131. \u0130kizce Belediyesi hizmet binas\u0131nda 27.11.2018 tarihinde yap\u0131lan g\u00f6r\u00fc\u015fmede taraflar haz\u0131r bulundu. <\/span><\/p>\n<p class=\"p1\"><span class=\"s1\">Yerelsen\u2019in i\u015fveren vekili olarak haz\u0131r bulundu\u011fu toplant\u0131ya sendika uzmanlar\u0131ndan Hasan TENL\u0130K ve Murat ASLAN i\u015ftirak etti. \u0130\u015f\u00e7i taraf\u0131n\u0131 temsil eden Belediye-\u0130\u015f sendikas\u0131ndan ise \u015eube Ba\u015fkan\u0131 Yusuf KIR ve Temsilci H\u00fcseyin G\u00d6KMEN toplant\u0131ya kat\u0131ld\u0131. <\/span><\/p>\n<p class=\"p1\"><span class=\"s1\">Yerelsen\u2019in \u00e7e\u015fitli temaslar\u0131n\u0131n ard\u0131ndan ba\u015flayan g\u00f6r\u00fc\u015fmelerde \u0130kizce Belediye Ba\u015fkan\u0131 Bahri S\u00d6\u011e\u00dcT bir temenni konu\u015fmas\u0131 yapt\u0131. S\u00d6\u011e\u00dcT konu\u015fmas\u0131nda, toplu i\u015f s\u00f6zle\u015fmesi s\u00fcrecinin hem kuruma hem de i\u015f\u00e7ilerimize hay\u0131rl\u0131 olmas\u0131n\u0131 diledi. Temenni konu\u015fmalar\u0131n\u0131n ard\u0131ndan ge\u00e7ilen s\u00f6zle\u015fme g\u00f6r\u00fc\u015fmelerinde i\u015f\u00e7i sendikas\u0131 taraf\u0131ndan haz\u0131rlanan 58 maddelik tasla\u011f\u0131n ilk 43 maddesi kabul edilirken di\u011fer maddeler \u00fczerinde m\u00fczakarelere devam edilmesine karar verildi.<\/span><\/p>\n\n\t\t<style type=\"text\/css\">\n\t\t\t#gallery-1 {\n\t\t\t\tmargin: auto;\n\t\t\t}\n\t\t\t#gallery-1 .gallery-item {\n\t\t\t\tfloat: left;\n\t\t\t\tmargin-top: 10px;\n\t\t\t\ttext-align: center;\n\t\t\t\twidth: 25%;\n\t\t\t}\n\t\t\t#gallery-1 img {\n\t\t\t\tborder: 2px solid #cfcfcf;\n\t\t\t}\n\t\t\t#gallery-1 .gallery-caption {\n\t\t\t\tmargin-left: 0;\n\t\t\t}\n\t\t\t\/* see gallery_shortcode() in wp-includes\/media.php *\/\n\t\t<\/style>\n\t\t<div id='gallery-1' class='gallery galleryid-8895 gallery-columns-4 gallery-size-thumbnail'><dl class='gallery-item'>\n\t\t\t<dt class='gallery-icon landscape'>\n\t\t\t\t<a href='https:\/\/yerelsen.org.tr\/wp-content\/uploads\/2018\/12\/IMG-1130.jpg'><img loading=\"lazy\" decoding=\"async\" width=\"140\" height=\"140\" src=\"https:\/\/yerelsen.org.tr\/wp-content\/uploads\/2018\/12\/IMG-1130-140x140.jpg\" class=\"attachment-thumbnail size-thumbnail\" alt=\"\" \/><\/a>\n\t\t\t<\/dt><\/dl><dl class='gallery-item'>\n\t\t\t<dt class='gallery-icon landscape'>\n\t\t\t\t<a href='https:\/\/yerelsen.org.tr\/wp-content\/uploads\/2018\/12\/IMG-1129.jpg'><img loading=\"lazy\" decoding=\"async\" width=\"140\" height=\"140\" src=\"https:\/\/yerelsen.org.tr\/wp-content\/uploads\/2018\/12\/IMG-1129-140x140.jpg\" class=\"attachment-thumbnail size-thumbnail\" alt=\"\" \/><\/a>\n\t\t\t<\/dt><\/dl><dl class='gallery-item'>\n\t\t\t<dt class='gallery-icon landscape'>\n\t\t\t\t<a href='https:\/\/yerelsen.org.tr\/wp-content\/uploads\/2018\/12\/IMG-1128.jpg'><img loading=\"lazy\" decoding=\"async\" width=\"140\" height=\"140\" src=\"https:\/\/yerelsen.org.tr\/wp-content\/uploads\/2018\/12\/IMG-1128-140x140.jpg\" class=\"attachment-thumbnail size-thumbnail\" alt=\"\" \/><\/a>\n\t\t\t<\/dt><\/dl>\n\t\t\t<br style='clear: both' \/>\n\t\t<\/div>\n\n","protected":false},"excerpt":{"rendered":"Yerelsen\u2019in \u00fcye kurulu\u015flar\u0131ndan \u0130kizce Belediyesi\u2019nde 6 i\u015f\u00e7iyi ilgilendiren toplu i\u015f s\u00f6zle\u015fmesi g\u00f6r\u00fc\u015fmeleri ba\u015flad\u0131. \u0130kizce Belediyesi hizmet binas\u0131nda 27.11.2018 tarihinde yap\u0131lan [&hellip;]","protected":false},"author":3,"featured_media":8899,"comment_status":"closed","ping_status":"closed","sticky":false,"template":"","format":"standard","meta":{"footnotes":""},"categories":[24],"tags":[],"class_list":["post-8895","post","type-post","status-publish","format-standard","has-post-thumbnail","hentry","category-sozlesmeler"],"_links":{"self":[{"href":"https:\/\/yerelsen.org.tr\/index.php\/wp-json\/wp\/v2\/posts\/8895","targetHints":{"allow":["GET"]}}],"collection":[{"href":"https:\/\/yerelsen.org.tr\/index.php\/wp-json\/wp\/v2\/posts"}],"about":[{"href":"https:\/\/yerelsen.org.tr\/index.php\/wp-json\/wp\/v2\/types\/post"}],"author":[{"embeddable":true,"href":"https:\/\/yerelsen.org.tr\/index.php\/wp-json\/wp\/v2\/users\/3"}],"replies":[{"embeddable":true,"href":"https:\/\/yerelsen.org.tr\/index.php\/wp-json\/wp\/v2\/comments?post=8895"}],"version-history":[{"count":1,"href":"https:\/\/yerelsen.org.tr\/index.php\/wp-json\/wp\/v2\/posts\/8895\/revisions"}],"predecessor-version":[{"id":8900,"href":"https:\/\/yerelsen.org.tr\/index.php\/wp-json\/wp\/v2\/posts\/8895\/revisions\/8900"}],"wp:featuredmedia":[{"embeddable":true,"href":"https:\/\/yerelsen.org.tr\/index.php\/wp-json\/wp\/v2\/media\/8899"}],"wp:attachment":[{"href":"https:\/\/yerelsen.org.tr\/index.php\/wp-json\/wp\/v2\/media?parent=8895"}],"wp:term":[{"taxonomy":"category","embeddable":true,"href":"https:\/\/yerelsen.org.tr\/index.php\/wp-json\/wp\/v2\/categories?post=8895"},{"taxonomy":"post_tag","embeddable":true,"href":"https:\/\/yerelsen.org.tr\/index.php\/wp-json\/wp\/v2\/tags?post=8895"}],"curies":[{"name":"wp","href":"https:\/\/api.w.org\/{rel}","templated":true}]}}