{"id":8905,"date":"2018-12-27T23:33:03","date_gmt":"2018-12-27T21:33:03","guid":{"rendered":"https:\/\/yerelsen.org.tr\/?p=8905"},"modified":"2018-12-27T23:33:03","modified_gmt":"2018-12-27T21:33:03","slug":"afyonkarahisarda-gorusmeler-suruyor","status":"publish","type":"post","link":"https:\/\/yerelsen.org.tr\/index.php\/afyonkarahisarda-gorusmeler-suruyor\/","title":{"rendered":"Afyonkarahisar\u2019da G\u00f6r\u00fc\u015fmeler S\u00fcr\u00fcyor"},"content":{"rendered":"<p><img loading=\"lazy\" decoding=\"async\" class=\"aligncenter  wp-image-8907\" src=\"https:\/\/yerelsen.org.tr\/wp-content\/uploads\/2018\/12\/IMG-1305-620x465.jpg\" alt=\"\" width=\"703\" height=\"527\" srcset=\"https:\/\/yerelsen.org.tr\/wp-content\/uploads\/2018\/12\/IMG-1305-620x465.jpg 620w, https:\/\/yerelsen.org.tr\/wp-content\/uploads\/2018\/12\/IMG-1305-768x576.jpg 768w, https:\/\/yerelsen.org.tr\/wp-content\/uploads\/2018\/12\/IMG-1305-850x638.jpg 850w, https:\/\/yerelsen.org.tr\/wp-content\/uploads\/2018\/12\/IMG-1305.jpg 1000w\" sizes=\"auto, (max-width: 703px) 100vw, 703px\" \/><\/p>\n<p class=\"p1\"><span class=\"s1\">Yerelsen\u2019in \u00fcye kurulu\u015flar\u0131ndan Afyonkarahisar Belediyesi\u2019nde 95 i\u015f\u00e7iyi ilgilendiren toplu i\u015f s\u00f6zle\u015fmesi g\u00f6r\u00fc\u015fmeleri s\u00fcr\u00fcyor. 13.12.2018 tarihinde Afyonkarahisar Belediyesi\u2019nde ger\u00e7ekle\u015fen son toplant\u0131da s\u00f6zle\u015fme ile ilgili taraflar aras\u0131nda g\u00f6r\u00fc\u015fmelerin devam etmesine karar verildi. <\/span><\/p>\n<p class=\"p1\"><span class=\"s1\">Belediye hizmet binas\u0131nda ger\u00e7ekle\u015fen toplant\u0131da Belediyeyi Ba\u015fkan Yard\u0131mc\u0131s\u0131 Ziya ARI, \u0130nsan Kaynaklar\u0131 M\u00fcd\u00fcr\u00fc Zafer TAN ve \u0130nsan Kaynaklar\u0131 \u015eefi Serdar \u00c7ET\u0130NKAYA temsil etti. Toplant\u0131ya i\u015fveren vekili s\u0131fat\u0131 ile dahil olan Yerelsen\u2019i ise sendika uzmanlar\u0131ndan Hasan TENL\u0130K ve Murat ASLAN temsil etti. \u0130\u015f\u00e7i taraf\u0131n\u0131n da haz\u0131r bulundu\u011fu toplant\u0131da Belediye-\u0130\u015f \u015eube Ba\u015fkan\u0131 Y\u00fccel \u015eAH\u0130N, Ba\u015fkan Yard\u0131mc\u0131s\u0131 Mehmet SELMAN, \u015eube Mali Sekreteri A.Bahad\u0131r \u00c7EL\u0130KKAYA haz\u0131r bulundu. <\/span><\/p>\n<p class=\"p1\"><span class=\"s1\">Toplant\u0131, Belediye Ba\u015fkan Yard\u0131mc\u0131s\u0131 Ziya ARI\u2019n\u0131n temenni konu\u015fmas\u0131 ile ba\u015flad\u0131. ARI konu\u015fmas\u0131nda yeni ba\u015flayan toplu i\u015f s\u00f6zle\u015fmesi s\u00fcrecinin hem kuruma hem de i\u015f\u00e7ilerimize hay\u0131rl\u0131 olmas\u0131n\u0131 diledi. Akabinde ger\u00e7ekle\u015ftirilen g\u00f6r\u00fc\u015fmede 73 maddelik tasla\u011f\u0131n 20 maddesi m\u00fczakere edildi. 18 maddenin kabul edildi\u011fi g\u00f6r\u00fc\u015fmede 2 madde ise ertelendi. <\/span><\/p>\n","protected":false},"excerpt":{"rendered":"Yerelsen\u2019in \u00fcye kurulu\u015flar\u0131ndan Afyonkarahisar Belediyesi\u2019nde 95 i\u015f\u00e7iyi ilgilendiren toplu i\u015f s\u00f6zle\u015fmesi g\u00f6r\u00fc\u015fmeleri s\u00fcr\u00fcyor. 13.12.2018 tarihinde Afyonkarahisar Belediyesi\u2019nde ger\u00e7ekle\u015fen son toplant\u0131da [&hellip;]","protected":false},"author":3,"featured_media":8907,"comment_status":"closed","ping_status":"closed","sticky":false,"template":"","format":"standard","meta":{"footnotes":""},"categories":[24],"tags":[],"class_list":["post-8905","post","type-post","status-publish","format-standard","has-post-thumbnail","hentry","category-sozlesmeler"],"_links":{"self":[{"href":"https:\/\/yerelsen.org.tr\/index.php\/wp-json\/wp\/v2\/posts\/8905","targetHints":{"allow":["GET"]}}],"collection":[{"href":"https:\/\/yerelsen.org.tr\/index.php\/wp-json\/wp\/v2\/posts"}],"about":[{"href":"https:\/\/yerelsen.org.tr\/index.php\/wp-json\/wp\/v2\/types\/post"}],"author":[{"embeddable":true,"href":"https:\/\/yerelsen.org.tr\/index.php\/wp-json\/wp\/v2\/users\/3"}],"replies":[{"embeddable":true,"href":"https:\/\/yerelsen.org.tr\/index.php\/wp-json\/wp\/v2\/comments?post=8905"}],"version-history":[{"count":1,"href":"https:\/\/yerelsen.org.tr\/index.php\/wp-json\/wp\/v2\/posts\/8905\/revisions"}],"predecessor-version":[{"id":8908,"href":"https:\/\/yerelsen.org.tr\/index.php\/wp-json\/wp\/v2\/posts\/8905\/revisions\/8908"}],"wp:featuredmedia":[{"embeddable":true,"href":"https:\/\/yerelsen.org.tr\/index.php\/wp-json\/wp\/v2\/media\/8907"}],"wp:attachment":[{"href":"https:\/\/yerelsen.org.tr\/index.php\/wp-json\/wp\/v2\/media?parent=8905"}],"wp:term":[{"taxonomy":"category","embeddable":true,"href":"https:\/\/yerelsen.org.tr\/index.php\/wp-json\/wp\/v2\/categories?post=8905"},{"taxonomy":"post_tag","embeddable":true,"href":"https:\/\/yerelsen.org.tr\/index.php\/wp-json\/wp\/v2\/tags?post=8905"}],"curies":[{"name":"wp","href":"https:\/\/api.w.org\/{rel}","templated":true}]}}