{"id":9024,"date":"2019-02-24T13:48:12","date_gmt":"2019-02-24T11:48:12","guid":{"rendered":"https:\/\/yerelsen.org.tr\/?p=9024"},"modified":"2019-02-24T14:04:26","modified_gmt":"2019-02-24T12:04:26","slug":"bilecik-belediyesinde-tis-gorusmeleri-basladi","status":"publish","type":"post","link":"https:\/\/yerelsen.org.tr\/index.php\/bilecik-belediyesinde-tis-gorusmeleri-basladi\/","title":{"rendered":"Bilecik Belediyesi\u2019nde T\u0130S G\u00f6r\u00fc\u015fmeleri Ba\u015flad\u0131"},"content":{"rendered":"<p><img loading=\"lazy\" decoding=\"async\" class=\"aligncenter wp-image-9025\" src=\"https:\/\/yerelsen.org.tr\/wp-content\/uploads\/2019\/02\/DSC_0282-mini-850x568.jpg\" alt=\"\" width=\"700\" height=\"468\" srcset=\"https:\/\/yerelsen.org.tr\/wp-content\/uploads\/2019\/02\/DSC_0282-mini-850x568.jpg 850w, https:\/\/yerelsen.org.tr\/wp-content\/uploads\/2019\/02\/DSC_0282-mini-620x414.jpg 620w, https:\/\/yerelsen.org.tr\/wp-content\/uploads\/2019\/02\/DSC_0282-mini-768x513.jpg 768w, https:\/\/yerelsen.org.tr\/wp-content\/uploads\/2019\/02\/DSC_0282-mini.jpg 900w\" sizes=\"auto, (max-width: 700px) 100vw, 700px\" \/><\/p>\n<p class=\"p1\"><span class=\"s1\">Yerelsen\u2019in \u00fcye kurulu\u015flar\u0131ndan Bilecik Belediyesi\u2019nde toplu i\u015f s\u00f6zle\u015fmesi g\u00f6r\u00fc\u015fmeleri devam ediyor. 07.02.2019 tarihinde Bilecik Belediyesi\u2019nde ger\u00e7ekle\u015fen son toplant\u0131da 45 i\u015f\u00e7iyi ilgilendiren toplu i\u015f s\u00f6zle\u015fmesi g\u00f6r\u00fc\u015fmelerinde haz\u0131rlanan taslak \u00fczerinde m\u00fczakereler devam etti. <\/span><\/p>\n<p class=\"p1\"><span class=\"s1\">Toplant\u0131da Bilecik Belediyesi\u2019ni Belediye Ba\u015fkan\u0131 Abdullah TET\u0130K Mali Hizmetler M\u00fcd\u00fcr\u00fc Serkan ERDEM ve Avukat Hasan SEV\u0130N\u00c7 temsil ederken Yerelsen\u2019den ise sendika uzmanlar\u0131 Cavit TOKPINAR ve Melih KURAN haz\u0131r bulundu. \u0130\u015f\u00e7i taraf\u0131n\u0131 Hizmet-\u0130\u015f\u2019in temsil etti\u011fi toplant\u0131ya sendika yetkililerinden Ege B\u00f6lge Ba\u015fkan\u0131 Ahmet \u00d6ZEN, Ba\u015f Temsilci Soner Sencer BOLU ve Temsilci Ahmet TOP\u00c7U kat\u0131ld\u0131. <\/span><\/p>\n<p class=\"p1\"><span class=\"s1\">Temenni konu\u015fmalar\u0131n\u0131n ard\u0131ndan ba\u015flayan g\u00f6r\u00fc\u015fmelerde ilk 6 madde \u00fczerinde g\u00f6r\u00fc\u015f\u00fclm\u00fc\u015f ve s\u00f6zle\u015fme g\u00f6r\u00fc\u015fmelerinin a\u00e7\u0131l\u0131\u015f toplant\u0131s\u0131 yap\u0131lm\u0131\u015ft\u0131r. <\/span><\/p>\n","protected":false},"excerpt":{"rendered":"Yerelsen\u2019in \u00fcye kurulu\u015flar\u0131ndan Bilecik Belediyesi\u2019nde toplu i\u015f s\u00f6zle\u015fmesi g\u00f6r\u00fc\u015fmeleri devam ediyor. 07.02.2019 tarihinde Bilecik Belediyesi\u2019nde ger\u00e7ekle\u015fen son toplant\u0131da 45 i\u015f\u00e7iyi [&hellip;]","protected":false},"author":3,"featured_media":9025,"comment_status":"closed","ping_status":"closed","sticky":false,"template":"","format":"standard","meta":{"footnotes":""},"categories":[24],"tags":[],"class_list":["post-9024","post","type-post","status-publish","format-standard","has-post-thumbnail","hentry","category-sozlesmeler"],"_links":{"self":[{"href":"https:\/\/yerelsen.org.tr\/index.php\/wp-json\/wp\/v2\/posts\/9024","targetHints":{"allow":["GET"]}}],"collection":[{"href":"https:\/\/yerelsen.org.tr\/index.php\/wp-json\/wp\/v2\/posts"}],"about":[{"href":"https:\/\/yerelsen.org.tr\/index.php\/wp-json\/wp\/v2\/types\/post"}],"author":[{"embeddable":true,"href":"https:\/\/yerelsen.org.tr\/index.php\/wp-json\/wp\/v2\/users\/3"}],"replies":[{"embeddable":true,"href":"https:\/\/yerelsen.org.tr\/index.php\/wp-json\/wp\/v2\/comments?post=9024"}],"version-history":[{"count":2,"href":"https:\/\/yerelsen.org.tr\/index.php\/wp-json\/wp\/v2\/posts\/9024\/revisions"}],"predecessor-version":[{"id":9030,"href":"https:\/\/yerelsen.org.tr\/index.php\/wp-json\/wp\/v2\/posts\/9024\/revisions\/9030"}],"wp:featuredmedia":[{"embeddable":true,"href":"https:\/\/yerelsen.org.tr\/index.php\/wp-json\/wp\/v2\/media\/9025"}],"wp:attachment":[{"href":"https:\/\/yerelsen.org.tr\/index.php\/wp-json\/wp\/v2\/media?parent=9024"}],"wp:term":[{"taxonomy":"category","embeddable":true,"href":"https:\/\/yerelsen.org.tr\/index.php\/wp-json\/wp\/v2\/categories?post=9024"},{"taxonomy":"post_tag","embeddable":true,"href":"https:\/\/yerelsen.org.tr\/index.php\/wp-json\/wp\/v2\/tags?post=9024"}],"curies":[{"name":"wp","href":"https:\/\/api.w.org\/{rel}","templated":true}]}}