{"id":9027,"date":"2019-02-24T13:51:46","date_gmt":"2019-02-24T11:51:46","guid":{"rendered":"https:\/\/yerelsen.org.tr\/?p=9027"},"modified":"2019-02-24T13:53:06","modified_gmt":"2019-02-24T11:53:06","slug":"findikli-belediyesinde-anlasma-saglandi-2","status":"publish","type":"post","link":"https:\/\/yerelsen.org.tr\/index.php\/findikli-belediyesinde-anlasma-saglandi-2\/","title":{"rendered":"F\u0131nd\u0131kl\u0131 Belediyesi\u2019nde Anla\u015fma Sa\u011fland\u0131"},"content":{"rendered":"<p class=\"p1\"><img loading=\"lazy\" decoding=\"async\" class=\"aligncenter wp-image-9028\" src=\"https:\/\/yerelsen.org.tr\/wp-content\/uploads\/2019\/02\/IMG-1910-eski-850x638.jpg\" alt=\"\" width=\"703\" height=\"528\" srcset=\"https:\/\/yerelsen.org.tr\/wp-content\/uploads\/2019\/02\/IMG-1910-eski-850x638.jpg 850w, https:\/\/yerelsen.org.tr\/wp-content\/uploads\/2019\/02\/IMG-1910-eski-620x465.jpg 620w, https:\/\/yerelsen.org.tr\/wp-content\/uploads\/2019\/02\/IMG-1910-eski-768x576.jpg 768w, https:\/\/yerelsen.org.tr\/wp-content\/uploads\/2019\/02\/IMG-1910-eski.jpg 900w\" sizes=\"auto, (max-width: 703px) 100vw, 703px\" \/><\/p>\n<p class=\"p1\"><span class=\"s1\">Yerelsen\u2019in \u00fcye kurulu\u015flar\u0131ndan F\u0131nd\u0131kl\u0131 Belediyesi\u2019nde toplu i\u015f s\u00f6zle\u015fmesi g\u00f6r\u00fc\u015fmeleri sona erdi. 20.02.2019 tarihinde F\u0131nd\u0131kl\u0131 Belediyesi Hizmet binas\u0131nda ger\u00e7ekle\u015fen toplant\u0131da 16 i\u015f\u00e7iyi ilgilendiren toplu i\u015f s\u00f6zle\u015fmesi g\u00f6r\u00fc\u015fmelerinde anla\u015fma sa\u011fland\u0131. <\/span><\/p>\n<p class=\"p1\"><span class=\"s1\">Yerelsen\u2019in \u00e7e\u015fitli temaslar\u0131n\u0131n ard\u0131ndan ba\u015flayan toplant\u0131da F\u0131nd\u0131kl\u0131 Belediyesi\u2019ni Yaz\u0131 \u0130\u015fleri M\u00fcd\u00fcr\u00fc Mehmet ERTOREN ve Mali Hizmetler M\u00fcd\u00fcr Vekili V. Feyzi \u00d6ZG\u00dcM\u00dc\u015e temsil etti. Yerelsen\u2019in i\u015fveren vekili olarak kat\u0131ld\u0131\u011f\u0131 toplant\u0131da sendika uzmanlar\u0131m\u0131zdan Hasan TENL\u0130K ve Murat ASLAN\u2019da yer ald\u0131. Toplant\u0131da i\u015f\u00e7i taraf\u0131n\u0131 temsil eden Belediye-\u0130\u015f Sendikas\u0131\u2019ndan ise Trabzon \u015eube Yetkilisi Ya\u015far KASPAR ve Temsilci M\u00fcfit \u015eEN kat\u0131l\u0131m g\u00f6sterdi. <\/span><\/p>\n<p class=\"p1\"><span class=\"s1\">16 i\u015f\u00e7iyi ilgilendiren toplu i\u015f s\u00f6zle\u015fmesi g\u00f6r\u00fc\u015fmelerinde F\u0131nd\u0131kl\u0131 Belediye Ba\u015fkan\u0131 Adnan \u00d6ZBALABAN yapt\u0131\u011f\u0131 konu\u015fmada yeni d\u00f6nem i\u00e7in imzalanan toplu i\u015f s\u00f6zle\u015fmesinin iki tarafa hay\u0131rl\u0131 olmas\u0131n\u0131 temenni etti. Ayr\u0131ca g\u00f6r\u00fc\u015fmelerin masada bitmesinin de kendilerini memnun etti\u011finin alt\u0131n\u0131 \u00e7izdi. Temenni konu\u015fmalar\u0131n\u0131n ard\u0131ndan ba\u015flayan m\u00fczakerelerde kalan maddeler \u00fczerinde yap\u0131lan mutabakat ile anla\u015fma sa\u011fland\u0131. <\/span><\/p>\n","protected":false},"excerpt":{"rendered":"Yerelsen\u2019in \u00fcye kurulu\u015flar\u0131ndan F\u0131nd\u0131kl\u0131 Belediyesi\u2019nde toplu i\u015f s\u00f6zle\u015fmesi g\u00f6r\u00fc\u015fmeleri sona erdi. 20.02.2019 tarihinde F\u0131nd\u0131kl\u0131 Belediyesi Hizmet binas\u0131nda ger\u00e7ekle\u015fen toplant\u0131da 16 [&hellip;]","protected":false},"author":3,"featured_media":9028,"comment_status":"closed","ping_status":"closed","sticky":false,"template":"","format":"standard","meta":{"footnotes":""},"categories":[24],"tags":[],"class_list":["post-9027","post","type-post","status-publish","format-standard","has-post-thumbnail","hentry","category-sozlesmeler"],"_links":{"self":[{"href":"https:\/\/yerelsen.org.tr\/index.php\/wp-json\/wp\/v2\/posts\/9027","targetHints":{"allow":["GET"]}}],"collection":[{"href":"https:\/\/yerelsen.org.tr\/index.php\/wp-json\/wp\/v2\/posts"}],"about":[{"href":"https:\/\/yerelsen.org.tr\/index.php\/wp-json\/wp\/v2\/types\/post"}],"author":[{"embeddable":true,"href":"https:\/\/yerelsen.org.tr\/index.php\/wp-json\/wp\/v2\/users\/3"}],"replies":[{"embeddable":true,"href":"https:\/\/yerelsen.org.tr\/index.php\/wp-json\/wp\/v2\/comments?post=9027"}],"version-history":[{"count":1,"href":"https:\/\/yerelsen.org.tr\/index.php\/wp-json\/wp\/v2\/posts\/9027\/revisions"}],"predecessor-version":[{"id":9029,"href":"https:\/\/yerelsen.org.tr\/index.php\/wp-json\/wp\/v2\/posts\/9027\/revisions\/9029"}],"wp:featuredmedia":[{"embeddable":true,"href":"https:\/\/yerelsen.org.tr\/index.php\/wp-json\/wp\/v2\/media\/9028"}],"wp:attachment":[{"href":"https:\/\/yerelsen.org.tr\/index.php\/wp-json\/wp\/v2\/media?parent=9027"}],"wp:term":[{"taxonomy":"category","embeddable":true,"href":"https:\/\/yerelsen.org.tr\/index.php\/wp-json\/wp\/v2\/categories?post=9027"},{"taxonomy":"post_tag","embeddable":true,"href":"https:\/\/yerelsen.org.tr\/index.php\/wp-json\/wp\/v2\/tags?post=9027"}],"curies":[{"name":"wp","href":"https:\/\/api.w.org\/{rel}","templated":true}]}}