{"id":9039,"date":"2019-03-10T15:48:27","date_gmt":"2019-03-10T13:48:27","guid":{"rendered":"https:\/\/yerelsen.org.tr\/?p=9039"},"modified":"2019-03-10T15:49:02","modified_gmt":"2019-03-10T13:49:02","slug":"sogutlu-belediyesinde-anlasma-saglandi","status":"publish","type":"post","link":"https:\/\/yerelsen.org.tr\/index.php\/sogutlu-belediyesinde-anlasma-saglandi\/","title":{"rendered":"S\u00f6\u011f\u00fctl\u00fc Belediyesi\u2019nde Anla\u015fma Sa\u011fland\u0131"},"content":{"rendered":"<p><img loading=\"lazy\" decoding=\"async\" class=\"aligncenter wp-image-9040\" src=\"https:\/\/yerelsen.org.tr\/wp-content\/uploads\/2019\/03\/sogutlu-1-850x567.jpg\" alt=\"\" width=\"700\" height=\"467\" srcset=\"https:\/\/yerelsen.org.tr\/wp-content\/uploads\/2019\/03\/sogutlu-1-850x567.jpg 850w, https:\/\/yerelsen.org.tr\/wp-content\/uploads\/2019\/03\/sogutlu-1-620x413.jpg 620w, https:\/\/yerelsen.org.tr\/wp-content\/uploads\/2019\/03\/sogutlu-1-768x512.jpg 768w, https:\/\/yerelsen.org.tr\/wp-content\/uploads\/2019\/03\/sogutlu-1.jpg 900w\" sizes=\"auto, (max-width: 700px) 100vw, 700px\" \/><\/p>\n<p class=\"p1\"><span class=\"s1\">Yerelsen\u2019in \u00fcye belediyelerinden olan S\u00f6\u011f\u00fctl\u00fc\u2019de toplu i\u015f s\u00f6zle\u015fmesi g\u00f6r\u00fc\u015fmeleri sona erdi. 26.02.2019 tarihinde S\u00f6\u011f\u00fctl\u00fc Belediyesi\u2019nde ger\u00e7ekle\u015fen toplant\u0131da taraflar, s\u00f6zle\u015fme tasla\u011f\u0131 \u00fczerinde m\u00fczakerelerde bulundu. <\/span><\/p>\n<p class=\"p1\"><span class=\"s1\">Yerelsen\u2019in \u00e7e\u015fitli temaslar\u0131n\u0131n ard\u0131ndan ba\u015flayan g\u00f6r\u00fc\u015fmelerde S\u00f6\u011f\u00fctl\u00fc Belediyesi\u2019ni Belediye Ba\u015fkan Vekili Ahmet PASLI temsil ederken Yerelsen\u2019den ise sendika uzmanlar\u0131 Cavit TOKPINAR ve Melih KURAN ile sendika uzman\u0131 Ertu\u011frul \u00d6ZCAN haz\u0131r bulundu. Toplant\u0131da i\u015f\u00e7i taraf\u0131n\u0131 temsil eden Belediye-\u0130\u015f sendikas\u0131ndan \u015eube Ba\u015fkan\u0131 Osman \u015eAR, \u015eube Ba\u015fkan Yard\u0131mc\u0131s\u0131 Ertu\u011frul \u00c7INAR ve \u0130\u015fyeri Temsilcisi Aziz \u00d6ZDEM\u0130R kat\u0131l\u0131m g\u00f6sterdi. <\/span><\/p>\n<p class=\"p1\"><span class=\"s1\">13 i\u015f\u00e7iyi ilgilendiren toplu i\u015f s\u00f6zle\u015fmesi g\u00f6r\u00fc\u015fmelerinde haz\u0131rlanan 60 as\u0131l, 1 ge\u00e7ici madde ile ek ceza cetvelinden ibaret taslak \u00fczerinde de\u011ferlendirmelerin ard\u0131ndan anla\u015fma sa\u011flanm\u0131\u015ft\u0131r.<\/span><\/p>\n<p><img loading=\"lazy\" decoding=\"async\" class=\"aligncenter wp-image-9041\" src=\"https:\/\/yerelsen.org.tr\/wp-content\/uploads\/2019\/03\/sogutlu-2-850x567.jpg\" alt=\"\" width=\"700\" height=\"467\" srcset=\"https:\/\/yerelsen.org.tr\/wp-content\/uploads\/2019\/03\/sogutlu-2-850x567.jpg 850w, https:\/\/yerelsen.org.tr\/wp-content\/uploads\/2019\/03\/sogutlu-2-620x413.jpg 620w, https:\/\/yerelsen.org.tr\/wp-content\/uploads\/2019\/03\/sogutlu-2-768x512.jpg 768w, https:\/\/yerelsen.org.tr\/wp-content\/uploads\/2019\/03\/sogutlu-2.jpg 900w\" sizes=\"auto, (max-width: 700px) 100vw, 700px\" \/><\/p>\n","protected":false},"excerpt":{"rendered":"Yerelsen\u2019in \u00fcye belediyelerinden olan S\u00f6\u011f\u00fctl\u00fc\u2019de toplu i\u015f s\u00f6zle\u015fmesi g\u00f6r\u00fc\u015fmeleri sona erdi. 26.02.2019 tarihinde S\u00f6\u011f\u00fctl\u00fc Belediyesi\u2019nde ger\u00e7ekle\u015fen toplant\u0131da taraflar, s\u00f6zle\u015fme tasla\u011f\u0131 [&hellip;]","protected":false},"author":3,"featured_media":9040,"comment_status":"closed","ping_status":"closed","sticky":false,"template":"","format":"standard","meta":{"footnotes":""},"categories":[24],"tags":[],"class_list":["post-9039","post","type-post","status-publish","format-standard","has-post-thumbnail","hentry","category-sozlesmeler"],"_links":{"self":[{"href":"https:\/\/yerelsen.org.tr\/index.php\/wp-json\/wp\/v2\/posts\/9039","targetHints":{"allow":["GET"]}}],"collection":[{"href":"https:\/\/yerelsen.org.tr\/index.php\/wp-json\/wp\/v2\/posts"}],"about":[{"href":"https:\/\/yerelsen.org.tr\/index.php\/wp-json\/wp\/v2\/types\/post"}],"author":[{"embeddable":true,"href":"https:\/\/yerelsen.org.tr\/index.php\/wp-json\/wp\/v2\/users\/3"}],"replies":[{"embeddable":true,"href":"https:\/\/yerelsen.org.tr\/index.php\/wp-json\/wp\/v2\/comments?post=9039"}],"version-history":[{"count":1,"href":"https:\/\/yerelsen.org.tr\/index.php\/wp-json\/wp\/v2\/posts\/9039\/revisions"}],"predecessor-version":[{"id":9042,"href":"https:\/\/yerelsen.org.tr\/index.php\/wp-json\/wp\/v2\/posts\/9039\/revisions\/9042"}],"wp:featuredmedia":[{"embeddable":true,"href":"https:\/\/yerelsen.org.tr\/index.php\/wp-json\/wp\/v2\/media\/9040"}],"wp:attachment":[{"href":"https:\/\/yerelsen.org.tr\/index.php\/wp-json\/wp\/v2\/media?parent=9039"}],"wp:term":[{"taxonomy":"category","embeddable":true,"href":"https:\/\/yerelsen.org.tr\/index.php\/wp-json\/wp\/v2\/categories?post=9039"},{"taxonomy":"post_tag","embeddable":true,"href":"https:\/\/yerelsen.org.tr\/index.php\/wp-json\/wp\/v2\/tags?post=9039"}],"curies":[{"name":"wp","href":"https:\/\/api.w.org\/{rel}","templated":true}]}}