{"id":9043,"date":"2019-03-10T15:51:27","date_gmt":"2019-03-10T13:51:27","guid":{"rendered":"https:\/\/yerelsen.org.tr\/?p=9043"},"modified":"2019-03-10T15:51:27","modified_gmt":"2019-03-10T13:51:27","slug":"bilecik-belediyesinde-anlasma-saglandi","status":"publish","type":"post","link":"https:\/\/yerelsen.org.tr\/index.php\/bilecik-belediyesinde-anlasma-saglandi\/","title":{"rendered":"Bilecik Belediyesi\u2019nde Anla\u015fma Sa\u011fland\u0131"},"content":{"rendered":"<p><img loading=\"lazy\" decoding=\"async\" class=\"aligncenter  wp-image-9044\" src=\"https:\/\/yerelsen.org.tr\/wp-content\/uploads\/2019\/03\/9c1adb65-4c71-4a7b-9895-f2a81cbc9df7-850x567.jpg\" alt=\"\" width=\"700\" height=\"467\" srcset=\"https:\/\/yerelsen.org.tr\/wp-content\/uploads\/2019\/03\/9c1adb65-4c71-4a7b-9895-f2a81cbc9df7-850x567.jpg 850w, https:\/\/yerelsen.org.tr\/wp-content\/uploads\/2019\/03\/9c1adb65-4c71-4a7b-9895-f2a81cbc9df7-620x413.jpg 620w, https:\/\/yerelsen.org.tr\/wp-content\/uploads\/2019\/03\/9c1adb65-4c71-4a7b-9895-f2a81cbc9df7-768x512.jpg 768w, https:\/\/yerelsen.org.tr\/wp-content\/uploads\/2019\/03\/9c1adb65-4c71-4a7b-9895-f2a81cbc9df7.jpg 960w\" sizes=\"auto, (max-width: 700px) 100vw, 700px\" \/><\/p>\n<p class=\"p1\"><span class=\"s1\">Yerelsen\u2019in \u00fcye belediyelerinden Bilecik Belediyesi\u2019nde toplu i\u015f s\u00f6zle\u015fmesi g\u00f6r\u00fc\u015fmeleri sona erdi. 45 i\u015f\u00e7iyi ilgilendiren toplu i\u015f s\u00f6zle\u015fmesi g\u00f6r\u00fc\u015fmesi 27.02.2019 tarihinde Bilecik Belediyesi hizmet binas\u0131nda ger\u00e7ekle\u015fti. <\/span><\/p>\n<p class=\"p1\"><span class=\"s1\">Yerelsen\u2019in \u00e7e\u015fitli temaslar\u0131n\u0131n ard\u0131ndan ba\u015flayan toplant\u0131da Bilecik Belediyesi\u2019ni Belediye Ba\u015fkan\u0131 Nihat CAN, Belediye Ba\u015fkan Yard\u0131mc\u0131s\u0131 Abdullah TET\u0130K ve Mali Hizmetler M\u00fcd\u00fcr\u00fc Serkan ERDEM temsil etti. Toplant\u0131ya i\u015fveren vekili s\u0131fat\u0131 ile ba\u015flayan Yerelsen\u2019i ise sendika uzmanlar\u0131ndan Cavit TOKPINAR ve Melih KURAN temsil etti. \u0130\u015f\u00e7i taraf\u0131ndan ise Hizmet-\u0130\u015f Sendikas\u0131 Ege B\u00f6lge Ba\u015fkan\u0131 Ahmet \u00d6ZEN, Ba\u015f Temsilcisi Soner Sencer BOLU ve Temsilci Ahmet TOP\u00c7U kat\u0131ld\u0131. <\/span><\/p>\n<p class=\"p1\"><span class=\"s1\">Toplant\u0131da i\u015f\u00e7i taraf\u0131n\u0131n haz\u0131rlad\u0131\u011f\u0131 tasla\u011f\u0131n kalan maddeleri \u00fczerinde m\u00fczakereler yap\u0131ld\u0131. 64 madde ve disiplin ceza cetvelinden olu\u015fan toplu i\u015f s\u00f6zle\u015fmesi \u00fczerinde b\u00fct\u00fcn\u00fcyle anla\u015fma sa\u011flanm\u0131\u015f olup, imzalar at\u0131lm\u0131\u015ft\u0131r.<\/span><\/p>\n<p><img loading=\"lazy\" decoding=\"async\" class=\"aligncenter  wp-image-9045\" src=\"https:\/\/yerelsen.org.tr\/wp-content\/uploads\/2019\/03\/39bb682a-b4e0-41c8-8abd-fa5a18b5108d-850x567.jpg\" alt=\"\" width=\"700\" height=\"467\" srcset=\"https:\/\/yerelsen.org.tr\/wp-content\/uploads\/2019\/03\/39bb682a-b4e0-41c8-8abd-fa5a18b5108d-850x567.jpg 850w, https:\/\/yerelsen.org.tr\/wp-content\/uploads\/2019\/03\/39bb682a-b4e0-41c8-8abd-fa5a18b5108d-620x414.jpg 620w, https:\/\/yerelsen.org.tr\/wp-content\/uploads\/2019\/03\/39bb682a-b4e0-41c8-8abd-fa5a18b5108d-768x512.jpg 768w, https:\/\/yerelsen.org.tr\/wp-content\/uploads\/2019\/03\/39bb682a-b4e0-41c8-8abd-fa5a18b5108d.jpg 1024w\" sizes=\"auto, (max-width: 700px) 100vw, 700px\" \/><\/p>\n","protected":false},"excerpt":{"rendered":"Yerelsen\u2019in \u00fcye belediyelerinden Bilecik Belediyesi\u2019nde toplu i\u015f s\u00f6zle\u015fmesi g\u00f6r\u00fc\u015fmeleri sona erdi. 45 i\u015f\u00e7iyi ilgilendiren toplu i\u015f s\u00f6zle\u015fmesi g\u00f6r\u00fc\u015fmesi 27.02.2019 tarihinde [&hellip;]","protected":false},"author":3,"featured_media":9044,"comment_status":"closed","ping_status":"closed","sticky":false,"template":"","format":"standard","meta":{"footnotes":""},"categories":[24],"tags":[],"class_list":["post-9043","post","type-post","status-publish","format-standard","has-post-thumbnail","hentry","category-sozlesmeler"],"_links":{"self":[{"href":"https:\/\/yerelsen.org.tr\/index.php\/wp-json\/wp\/v2\/posts\/9043","targetHints":{"allow":["GET"]}}],"collection":[{"href":"https:\/\/yerelsen.org.tr\/index.php\/wp-json\/wp\/v2\/posts"}],"about":[{"href":"https:\/\/yerelsen.org.tr\/index.php\/wp-json\/wp\/v2\/types\/post"}],"author":[{"embeddable":true,"href":"https:\/\/yerelsen.org.tr\/index.php\/wp-json\/wp\/v2\/users\/3"}],"replies":[{"embeddable":true,"href":"https:\/\/yerelsen.org.tr\/index.php\/wp-json\/wp\/v2\/comments?post=9043"}],"version-history":[{"count":1,"href":"https:\/\/yerelsen.org.tr\/index.php\/wp-json\/wp\/v2\/posts\/9043\/revisions"}],"predecessor-version":[{"id":9046,"href":"https:\/\/yerelsen.org.tr\/index.php\/wp-json\/wp\/v2\/posts\/9043\/revisions\/9046"}],"wp:featuredmedia":[{"embeddable":true,"href":"https:\/\/yerelsen.org.tr\/index.php\/wp-json\/wp\/v2\/media\/9044"}],"wp:attachment":[{"href":"https:\/\/yerelsen.org.tr\/index.php\/wp-json\/wp\/v2\/media?parent=9043"}],"wp:term":[{"taxonomy":"category","embeddable":true,"href":"https:\/\/yerelsen.org.tr\/index.php\/wp-json\/wp\/v2\/categories?post=9043"},{"taxonomy":"post_tag","embeddable":true,"href":"https:\/\/yerelsen.org.tr\/index.php\/wp-json\/wp\/v2\/tags?post=9043"}],"curies":[{"name":"wp","href":"https:\/\/api.w.org\/{rel}","templated":true}]}}