{"id":9047,"date":"2019-03-10T15:56:34","date_gmt":"2019-03-10T13:56:34","guid":{"rendered":"https:\/\/yerelsen.org.tr\/?p=9047"},"modified":"2019-03-10T15:56:34","modified_gmt":"2019-03-10T13:56:34","slug":"armutlu-belediyesinde-anlasmaya-varildi","status":"publish","type":"post","link":"https:\/\/yerelsen.org.tr\/index.php\/armutlu-belediyesinde-anlasmaya-varildi\/","title":{"rendered":"Armutlu Belediyesi\u2019nde Anla\u015fmaya Var\u0131ld\u0131"},"content":{"rendered":"<p><img loading=\"lazy\" decoding=\"async\" class=\"aligncenter  wp-image-9048\" src=\"https:\/\/yerelsen.org.tr\/wp-content\/uploads\/2019\/03\/armutlu-1-850x567.jpg\" alt=\"\" width=\"700\" height=\"467\" srcset=\"https:\/\/yerelsen.org.tr\/wp-content\/uploads\/2019\/03\/armutlu-1-850x567.jpg 850w, https:\/\/yerelsen.org.tr\/wp-content\/uploads\/2019\/03\/armutlu-1-620x413.jpg 620w, https:\/\/yerelsen.org.tr\/wp-content\/uploads\/2019\/03\/armutlu-1-768x512.jpg 768w, https:\/\/yerelsen.org.tr\/wp-content\/uploads\/2019\/03\/armutlu-1.jpg 900w\" sizes=\"auto, (max-width: 700px) 100vw, 700px\" \/><\/p>\n<p class=\"p1\"><span class=\"s1\">Armutlu Belediyesi\u2019nde 16 i\u015f\u00e7iyi ilgilendiren toplu i\u015f s\u00f6zle\u015fmesi g\u00f6r\u00fc\u015fmeleri sonu\u00e7land\u0131. 27.02.2019 tarihinde ger\u00e7ekle\u015fen toplant\u0131da i\u015f\u00e7i taraf\u0131n\u0131n haz\u0131rlad\u0131\u011f\u0131 taslak ile ilgili son m\u00fczakereler yap\u0131ld\u0131. <\/span><\/p>\n<p class=\"p1\"><span class=\"s1\">Yerelsen\u2019in i\u015fveren vekili s\u0131fat\u0131 ile kat\u0131ld\u0131\u011f\u0131 toplant\u0131da Armutlu Belediyesi\u2019ni temsilen Mali Hizmetler M\u00fcd\u00fcr\u00fc Hande ATASAYAR kat\u0131ld\u0131. Yerelsen\u2019in sendika uzmanlar\u0131ndan Hasan TENL\u0130K ve Murat ASLAN toplant\u0131ya i\u015ftirak ederken i\u015f\u00e7i taraf\u0131n\u0131 temsilen ise Belediye-\u0130\u015f sendikas\u0131 \u015eube Ba\u015fkan\u0131 Osman \u015eAR, \u015eube Mali Sekreteri Mehmet ER ve Temsilci Ali \u0130LHAN haz\u0131r bulundu. <\/span><\/p>\n<p class=\"p1\"><span class=\"s1\">\u0130\u015f\u00e7i taraf\u0131n\u0131n haz\u0131rlad\u0131\u011f\u0131 tasla\u011f\u0131n kalan maddeleri \u00fczerinde yap\u0131lan m\u00fczakereler neticesinde anla\u015fma sa\u011flanarak imzalar at\u0131ld\u0131. S\u00f6zle\u015fme sonras\u0131nda yap\u0131lan temenni konu\u015fmalar\u0131nda Armutlu Belediye Ba\u015fkan\u0131 Mehmet B\u0130RKAN imzalanan toplu i\u015f s\u00f6zle\u015fmesinin hem kuruma hem de i\u015f\u00e7ilerimize hay\u0131rl\u0131 olmas\u0131n\u0131 diledi. Ayr\u0131ca s\u00f6zle\u015fme g\u00f6r\u00fc\u015fmelerinin masada bitmesinin de kendilerini mutlu etti\u011fini dile getirdi.<\/span><\/p>\n<p><img loading=\"lazy\" decoding=\"async\" class=\"aligncenter  wp-image-9049\" src=\"https:\/\/yerelsen.org.tr\/wp-content\/uploads\/2019\/03\/armutlu-2-850x567.jpg\" alt=\"\" width=\"700\" height=\"467\" srcset=\"https:\/\/yerelsen.org.tr\/wp-content\/uploads\/2019\/03\/armutlu-2-850x567.jpg 850w, https:\/\/yerelsen.org.tr\/wp-content\/uploads\/2019\/03\/armutlu-2-620x413.jpg 620w, https:\/\/yerelsen.org.tr\/wp-content\/uploads\/2019\/03\/armutlu-2-768x512.jpg 768w, https:\/\/yerelsen.org.tr\/wp-content\/uploads\/2019\/03\/armutlu-2.jpg 900w\" sizes=\"auto, (max-width: 700px) 100vw, 700px\" \/><\/p>\n","protected":false},"excerpt":{"rendered":"Armutlu Belediyesi\u2019nde 16 i\u015f\u00e7iyi ilgilendiren toplu i\u015f s\u00f6zle\u015fmesi g\u00f6r\u00fc\u015fmeleri sonu\u00e7land\u0131. 27.02.2019 tarihinde ger\u00e7ekle\u015fen toplant\u0131da i\u015f\u00e7i taraf\u0131n\u0131n haz\u0131rlad\u0131\u011f\u0131 taslak ile ilgili [&hellip;]","protected":false},"author":3,"featured_media":9048,"comment_status":"closed","ping_status":"closed","sticky":false,"template":"","format":"standard","meta":{"footnotes":""},"categories":[24],"tags":[],"class_list":["post-9047","post","type-post","status-publish","format-standard","has-post-thumbnail","hentry","category-sozlesmeler"],"_links":{"self":[{"href":"https:\/\/yerelsen.org.tr\/index.php\/wp-json\/wp\/v2\/posts\/9047","targetHints":{"allow":["GET"]}}],"collection":[{"href":"https:\/\/yerelsen.org.tr\/index.php\/wp-json\/wp\/v2\/posts"}],"about":[{"href":"https:\/\/yerelsen.org.tr\/index.php\/wp-json\/wp\/v2\/types\/post"}],"author":[{"embeddable":true,"href":"https:\/\/yerelsen.org.tr\/index.php\/wp-json\/wp\/v2\/users\/3"}],"replies":[{"embeddable":true,"href":"https:\/\/yerelsen.org.tr\/index.php\/wp-json\/wp\/v2\/comments?post=9047"}],"version-history":[{"count":1,"href":"https:\/\/yerelsen.org.tr\/index.php\/wp-json\/wp\/v2\/posts\/9047\/revisions"}],"predecessor-version":[{"id":9050,"href":"https:\/\/yerelsen.org.tr\/index.php\/wp-json\/wp\/v2\/posts\/9047\/revisions\/9050"}],"wp:featuredmedia":[{"embeddable":true,"href":"https:\/\/yerelsen.org.tr\/index.php\/wp-json\/wp\/v2\/media\/9048"}],"wp:attachment":[{"href":"https:\/\/yerelsen.org.tr\/index.php\/wp-json\/wp\/v2\/media?parent=9047"}],"wp:term":[{"taxonomy":"category","embeddable":true,"href":"https:\/\/yerelsen.org.tr\/index.php\/wp-json\/wp\/v2\/categories?post=9047"},{"taxonomy":"post_tag","embeddable":true,"href":"https:\/\/yerelsen.org.tr\/index.php\/wp-json\/wp\/v2\/tags?post=9047"}],"curies":[{"name":"wp","href":"https:\/\/api.w.org\/{rel}","templated":true}]}}