{"id":9052,"date":"2019-03-10T15:58:58","date_gmt":"2019-03-10T13:58:58","guid":{"rendered":"https:\/\/yerelsen.org.tr\/?p=9052"},"modified":"2019-03-10T18:33:44","modified_gmt":"2019-03-10T16:33:44","slug":"akhisar-belediyesinde-anlasma-saglandi","status":"publish","type":"post","link":"https:\/\/yerelsen.org.tr\/index.php\/akhisar-belediyesinde-anlasma-saglandi\/","title":{"rendered":"Akhisar Belediyesi&#8217;nde Anla\u015fma Sa\u011fland\u0131"},"content":{"rendered":"<p><img loading=\"lazy\" decoding=\"async\" class=\"aligncenter wp-image-9053\" src=\"https:\/\/yerelsen.org.tr\/wp-content\/uploads\/2019\/03\/51727704_2198063607109424_1251140822481502208_o-e1552226305632-850x556.jpg\" alt=\"\" width=\"700\" height=\"458\" srcset=\"https:\/\/yerelsen.org.tr\/wp-content\/uploads\/2019\/03\/51727704_2198063607109424_1251140822481502208_o-e1552226305632-850x556.jpg 850w, https:\/\/yerelsen.org.tr\/wp-content\/uploads\/2019\/03\/51727704_2198063607109424_1251140822481502208_o-e1552226305632-620x405.jpg 620w, https:\/\/yerelsen.org.tr\/wp-content\/uploads\/2019\/03\/51727704_2198063607109424_1251140822481502208_o-e1552226305632-768x502.jpg 768w, https:\/\/yerelsen.org.tr\/wp-content\/uploads\/2019\/03\/51727704_2198063607109424_1251140822481502208_o-e1552226305632-220x145.jpg 220w, https:\/\/yerelsen.org.tr\/wp-content\/uploads\/2019\/03\/51727704_2198063607109424_1251140822481502208_o-e1552226305632.jpg 1077w\" sizes=\"auto, (max-width: 700px) 100vw, 700px\" \/><\/p>\n<p class=\"p1\"><span class=\"s1\">Yerelsen\u2019in \u00fcye belediyelerinden Akhisar\u2019da toplu i\u015f s\u00f6zle\u015fmesi g\u00f6r\u00fc\u015fmeleri sona erdi. 11.02.2019 tarihinde ger\u00e7ekle\u015fen toplant\u0131da 55 i\u015f\u00e7iyi ilgilendiren toplu i\u015f s\u00f6zle\u015fmesi tasla\u011f\u0131 \u00fczerinde son de\u011ferlendirmeler yap\u0131ld\u0131. <\/span><\/p>\n<p class=\"p1\"><span class=\"s1\">Yerelsen\u2019in \u00e7e\u015fitli temaslar\u0131n\u0131n ard\u0131ndan belediye binas\u0131nda ger\u00e7ekle\u015fen toplant\u0131ya Yerelsen Genel Sekreter Yard\u0131mc\u0131s\u0131 Yahya B\u0130LG\u0130N ve sendika uzman\u0131 \u0130brahim Halil \u00c7EL\u0130K kat\u0131ld\u0131. \u0130\u015f\u00e7i taraf\u0131n\u0131 Belediye-\u0130\u015f sendikas\u0131n\u0131n temsil etti\u011fi g\u00f6r\u00fc\u015fmelerde Belediye-\u0130\u015f \u015eube Ba\u015fkan\u0131 G\u00f6kay SEZG\u0130N g\u00f6r\u00fc\u015fmelere i\u015ftirak etti. <\/span><\/p>\n<p class=\"p1\"><span class=\"s1\">Olumlu bir atmosferde ba\u015flayan g\u00f6r\u00fc\u015fmelerde Akhisar Belediye Ba\u015fkan\u0131 Salih HIZLI toplu i\u015f s\u00f6zle\u015fmesinin hay\u0131rlara vesile olmas\u0131n\u0131 temenni ettiklerini dile getirdi. HIZLI, s\u00f6zle\u015fmenin masada bitmesini arzu ettiklerini ve Akhisar Belediyesi i\u015f\u00e7ilerinin hak ettikleri maa\u015flar\u0131 alabilmeleri i\u00e7in gayret sarf edeceklerini belirtti. <\/span><\/p>\n<p class=\"p1\"><span class=\"s1\">Temenni konu\u015fmalar\u0131n\u0131n ard\u0131ndan ba\u015flayan toplant\u0131da i\u015f\u00e7i taraf\u0131n\u0131n haz\u0131rlad\u0131\u011f\u0131 s\u00f6zle\u015fme tasla\u011f\u0131 de\u011ferlendirilerek m\u00fczakereler mutabakatla sonu\u00e7lan\u0131rken imzalar at\u0131ld\u0131. S\u00f6zle\u015fme g\u00f6r\u00fc\u015fmelerinin anla\u015fma ile sonu\u00e7lanmas\u0131 ile taraflar aras\u0131ndaki g\u00f6r\u00fc\u015fmeler olumlu bir sonu\u00e7la tamamlanm\u0131\u015f oldu.<\/span><\/p>\n","protected":false},"excerpt":{"rendered":"Yerelsen\u2019in \u00fcye belediyelerinden Akhisar\u2019da toplu i\u015f s\u00f6zle\u015fmesi g\u00f6r\u00fc\u015fmeleri sona erdi. 11.02.2019 tarihinde ger\u00e7ekle\u015fen toplant\u0131da 55 i\u015f\u00e7iyi ilgilendiren toplu i\u015f s\u00f6zle\u015fmesi [&hellip;]","protected":false},"author":3,"featured_media":9053,"comment_status":"closed","ping_status":"closed","sticky":false,"template":"","format":"standard","meta":{"footnotes":""},"categories":[24],"tags":[],"class_list":["post-9052","post","type-post","status-publish","format-standard","has-post-thumbnail","hentry","category-sozlesmeler"],"_links":{"self":[{"href":"https:\/\/yerelsen.org.tr\/index.php\/wp-json\/wp\/v2\/posts\/9052","targetHints":{"allow":["GET"]}}],"collection":[{"href":"https:\/\/yerelsen.org.tr\/index.php\/wp-json\/wp\/v2\/posts"}],"about":[{"href":"https:\/\/yerelsen.org.tr\/index.php\/wp-json\/wp\/v2\/types\/post"}],"author":[{"embeddable":true,"href":"https:\/\/yerelsen.org.tr\/index.php\/wp-json\/wp\/v2\/users\/3"}],"replies":[{"embeddable":true,"href":"https:\/\/yerelsen.org.tr\/index.php\/wp-json\/wp\/v2\/comments?post=9052"}],"version-history":[{"count":3,"href":"https:\/\/yerelsen.org.tr\/index.php\/wp-json\/wp\/v2\/posts\/9052\/revisions"}],"predecessor-version":[{"id":9068,"href":"https:\/\/yerelsen.org.tr\/index.php\/wp-json\/wp\/v2\/posts\/9052\/revisions\/9068"}],"wp:featuredmedia":[{"embeddable":true,"href":"https:\/\/yerelsen.org.tr\/index.php\/wp-json\/wp\/v2\/media\/9053"}],"wp:attachment":[{"href":"https:\/\/yerelsen.org.tr\/index.php\/wp-json\/wp\/v2\/media?parent=9052"}],"wp:term":[{"taxonomy":"category","embeddable":true,"href":"https:\/\/yerelsen.org.tr\/index.php\/wp-json\/wp\/v2\/categories?post=9052"},{"taxonomy":"post_tag","embeddable":true,"href":"https:\/\/yerelsen.org.tr\/index.php\/wp-json\/wp\/v2\/tags?post=9052"}],"curies":[{"name":"wp","href":"https:\/\/api.w.org\/{rel}","templated":true}]}}