{"id":9055,"date":"2019-03-10T16:00:52","date_gmt":"2019-03-10T14:00:52","guid":{"rendered":"https:\/\/yerelsen.org.tr\/?p=9055"},"modified":"2019-03-10T17:00:19","modified_gmt":"2019-03-10T15:00:19","slug":"ankara-kalkinma-ajansinda-tis-gorusmeleri","status":"publish","type":"post","link":"https:\/\/yerelsen.org.tr\/index.php\/ankara-kalkinma-ajansinda-tis-gorusmeleri\/","title":{"rendered":"Ankara Kalk\u0131nma Ajans\u0131\u2019nda T\u0130S G\u00f6r\u00fc\u015fmeleri"},"content":{"rendered":"<p><img loading=\"lazy\" decoding=\"async\" class=\"aligncenter wp-image-9057\" src=\"https:\/\/yerelsen.org.tr\/wp-content\/uploads\/2019\/03\/53340173_2208533056062479_3476383139683631104_n-850x707.jpg\" alt=\"\" width=\"701\" height=\"583\" srcset=\"https:\/\/yerelsen.org.tr\/wp-content\/uploads\/2019\/03\/53340173_2208533056062479_3476383139683631104_n-850x707.jpg 850w, https:\/\/yerelsen.org.tr\/wp-content\/uploads\/2019\/03\/53340173_2208533056062479_3476383139683631104_n-620x516.jpg 620w, https:\/\/yerelsen.org.tr\/wp-content\/uploads\/2019\/03\/53340173_2208533056062479_3476383139683631104_n-768x639.jpg 768w, https:\/\/yerelsen.org.tr\/wp-content\/uploads\/2019\/03\/53340173_2208533056062479_3476383139683631104_n.jpg 856w\" sizes=\"auto, (max-width: 701px) 100vw, 701px\" \/><\/p>\n<p class=\"p1\"><span class=\"s1\">Yerelsen\u2019in \u00fcye kurulu\u015flar\u0131ndan Ankara Kalk\u0131nma Ajans\u0131\u2019nda 35 i\u015f\u00e7iyi ilgilendiren toplu i\u015f s\u00f6zle\u015fmesi g\u00f6r\u00fc\u015fmelerinde sona gelindi. 01.03.2019 tarihinde ajans binas\u0131nda ger\u00e7ekle\u015fen g\u00f6r\u00fc\u015fmelerde toplu i\u015f s\u00f6zle\u015fmesi tasla\u011f\u0131 de\u011ferlendirilirken mutabakat sa\u011fland\u0131. <\/span><\/p>\n<p class=\"p1\"><span class=\"s1\">Yerelsen\u2019in \u00e7e\u015fitli temaslar\u0131n\u0131n ard\u0131ndan ba\u015flayan g\u00f6r\u00fc\u015fmelerde Ankara Kalk\u0131nma Ajans\u0131\u2019n\u0131 temsilen Genel Sekreter Arif \u015eAYIK kat\u0131ld\u0131. Yerelsen\u2019in i\u015fveren vekili s\u0131fat\u0131 ile kat\u0131ld\u0131\u011f\u0131 toplant\u0131da Genel Sekreter Yard\u0131mc\u0131s\u0131 Yahya B\u0130LG\u0130N ve sendika uzman\u0131 \u0130brahim Halil \u00c7EL\u0130K i\u015ftirak etti. \u0130\u015f\u00e7i taraf\u0131n\u0131 Koop-\u0130\u015f sendikas\u0131n\u0131n temsil ederken toplant\u0131ya Sendika Genel Sekreteri Metin G\u00dcNEY, Servis M\u00fcd\u00fcr\u00fc Aytu\u011f BALAMAN ve \u015eube Ba\u015fkan\u0131 Abdurrahim P\u0130R kat\u0131ld\u0131. <\/span><\/p>\n<p class=\"p1\"><span class=\"s1\">35 i\u015f\u00e7iyi ilgilendiren toplu i\u015f s\u00f6zle\u015fmesi g\u00f6r\u00fc\u015fmelerinde Ankara Kalk\u0131nma Ajans\u0131 Genel Sekreteri Arif \u015eAYIK toplu s\u00f6zle\u015fmenin hay\u0131rlara vesile olmas\u0131n\u0131 temenni etti. S\u00f6zle\u015fmenin masada bitmesini arzu ettiklerini ve i\u015f\u00e7ilerin hak ettikleri maa\u015flar\u0131 vermek i\u00e7in gayret sarfedecekleri vurgusunu yapt\u0131. <\/span><\/p>\n<p class=\"p1\"><span class=\"s1\">Temenni konu\u015fmalar\u0131n\u0131n ard\u0131ndan ge\u00e7ilen g\u00f6r\u00fc\u015fmede i\u015f\u00e7i taraf\u0131n\u0131n haz\u0131rlad\u0131\u011f\u0131 taslak de\u011ferlendirilirken kalan maddeler \u00fczerinde mutabakat sa\u011flanarak anla\u015fma ger\u00e7ekle\u015ftirildi.<\/span><\/p>\n<p><img loading=\"lazy\" decoding=\"async\" class=\"aligncenter wp-image-9056\" src=\"https:\/\/yerelsen.org.tr\/wp-content\/uploads\/2019\/03\/53030463_2208533086062476_925950216933212160_n.jpg\" alt=\"\" width=\"596\" height=\"495\" \/><\/p>\n","protected":false},"excerpt":{"rendered":"Yerelsen\u2019in \u00fcye kurulu\u015flar\u0131ndan Ankara Kalk\u0131nma Ajans\u0131\u2019nda 35 i\u015f\u00e7iyi ilgilendiren toplu i\u015f s\u00f6zle\u015fmesi g\u00f6r\u00fc\u015fmelerinde sona gelindi. 01.03.2019 tarihinde ajans binas\u0131nda ger\u00e7ekle\u015fen [&hellip;]","protected":false},"author":3,"featured_media":9057,"comment_status":"closed","ping_status":"closed","sticky":false,"template":"","format":"standard","meta":{"footnotes":""},"categories":[24],"tags":[],"class_list":["post-9055","post","type-post","status-publish","format-standard","has-post-thumbnail","hentry","category-sozlesmeler"],"_links":{"self":[{"href":"https:\/\/yerelsen.org.tr\/index.php\/wp-json\/wp\/v2\/posts\/9055","targetHints":{"allow":["GET"]}}],"collection":[{"href":"https:\/\/yerelsen.org.tr\/index.php\/wp-json\/wp\/v2\/posts"}],"about":[{"href":"https:\/\/yerelsen.org.tr\/index.php\/wp-json\/wp\/v2\/types\/post"}],"author":[{"embeddable":true,"href":"https:\/\/yerelsen.org.tr\/index.php\/wp-json\/wp\/v2\/users\/3"}],"replies":[{"embeddable":true,"href":"https:\/\/yerelsen.org.tr\/index.php\/wp-json\/wp\/v2\/comments?post=9055"}],"version-history":[{"count":3,"href":"https:\/\/yerelsen.org.tr\/index.php\/wp-json\/wp\/v2\/posts\/9055\/revisions"}],"predecessor-version":[{"id":9066,"href":"https:\/\/yerelsen.org.tr\/index.php\/wp-json\/wp\/v2\/posts\/9055\/revisions\/9066"}],"wp:featuredmedia":[{"embeddable":true,"href":"https:\/\/yerelsen.org.tr\/index.php\/wp-json\/wp\/v2\/media\/9057"}],"wp:attachment":[{"href":"https:\/\/yerelsen.org.tr\/index.php\/wp-json\/wp\/v2\/media?parent=9055"}],"wp:term":[{"taxonomy":"category","embeddable":true,"href":"https:\/\/yerelsen.org.tr\/index.php\/wp-json\/wp\/v2\/categories?post=9055"},{"taxonomy":"post_tag","embeddable":true,"href":"https:\/\/yerelsen.org.tr\/index.php\/wp-json\/wp\/v2\/tags?post=9055"}],"curies":[{"name":"wp","href":"https:\/\/api.w.org\/{rel}","templated":true}]}}