{"id":9059,"date":"2019-03-10T16:03:09","date_gmt":"2019-03-10T14:03:09","guid":{"rendered":"https:\/\/yerelsen.org.tr\/?p=9059"},"modified":"2019-03-10T16:57:44","modified_gmt":"2019-03-10T14:57:44","slug":"erzincan-belediyesinde-gorusmeler-sonuclandi","status":"publish","type":"post","link":"https:\/\/yerelsen.org.tr\/index.php\/erzincan-belediyesinde-gorusmeler-sonuclandi\/","title":{"rendered":"Erzincan Belediyesi\u2019nde G\u00f6r\u00fc\u015fmeler Sonu\u00e7land\u0131"},"content":{"rendered":"<p><img loading=\"lazy\" decoding=\"async\" class=\"aligncenter wp-image-9060\" src=\"https:\/\/yerelsen.org.tr\/wp-content\/uploads\/2019\/03\/46795578_2153901331525652_7287861113859866624_n.jpg\" alt=\"\" width=\"701\" height=\"459\" srcset=\"https:\/\/yerelsen.org.tr\/wp-content\/uploads\/2019\/03\/46795578_2153901331525652_7287861113859866624_n.jpg 829w, https:\/\/yerelsen.org.tr\/wp-content\/uploads\/2019\/03\/46795578_2153901331525652_7287861113859866624_n-620x406.jpg 620w, https:\/\/yerelsen.org.tr\/wp-content\/uploads\/2019\/03\/46795578_2153901331525652_7287861113859866624_n-768x503.jpg 768w, https:\/\/yerelsen.org.tr\/wp-content\/uploads\/2019\/03\/46795578_2153901331525652_7287861113859866624_n-220x145.jpg 220w\" sizes=\"auto, (max-width: 701px) 100vw, 701px\" \/><\/p>\n<p class=\"p1\"><span class=\"s1\">Yerelsen\u2019in \u00fcye belediyeleri aras\u0131nda yer alan Erzincan Belediyesi\u2019nde 117 i\u015f\u00e7iyi ilgilendiren toplu i\u015f s\u00f6zle\u015fmesi g\u00f6r\u00fc\u015fmeleri sonu\u00e7land\u0131. Belediye binas\u0131nda 31.01.2019 tarihinde ger\u00e7ekle\u015fen toplant\u0131da s\u00f6zle\u015fme tasla\u011f\u0131 \u00fczerine m\u00fczakereler mutabakatla sona erdi. <\/span><\/p>\n<p class=\"p1\"><span class=\"s1\">Yerelsen\u2019in \u00e7e\u015fitli temaslar\u0131n\u0131n ard\u0131ndan ba\u015flayan toplant\u0131da Yerelsen\u2019i Genel Sekreter Yard\u0131mc\u0131s\u0131 Yahya B\u0130LG\u0130N ve sendika uzmanlar\u0131ndan \u0130brahim Halil \u00c7EL\u0130K kat\u0131ld\u0131. Toplant\u0131da i\u015f\u00e7i taraf\u0131n\u0131 ise Hizmet-\u0130\u015f sendikas\u0131 temsil etti. Hizmet-\u0130\u015f \u015eube Ba\u015fkan\u0131 Harun MUTLU toplant\u0131da haz\u0131r bulundu. <\/span><\/p>\n<p class=\"p1\"><span class=\"s1\">117 i\u015f\u00e7iyi ilgilendiren g\u00f6r\u00fc\u015fmeler, dilek ve temenni konu\u015fmalar\u0131 ile ba\u015flad\u0131. Erzincan Belediye Ba\u015fkan\u0131 Osman ALANUR yapt\u0131\u011f\u0131 konu\u015fmada toplu i\u015f s\u00f6zle\u015fmesinin hay\u0131rlara vesile olmas\u0131n\u0131 temenni etti. ALANUR, s\u00f6zle\u015fmenin masada bitmesini arzu ettiklerini ve belediye i\u015f\u00e7ilerinin hak ettikleri maa\u015flar\u0131 vermek i\u00e7in gayret sarf edecekleri vurgusunu yapt\u0131. <\/span><\/p>\n<p class=\"p1\"><span class=\"s1\">Temenni konu\u015fmalar\u0131n\u0131n ard\u0131ndan ba\u015flayan g\u00f6r\u00fc\u015fmelerde i\u015f\u00e7i taraf\u0131n\u0131n haz\u0131rlad\u0131\u011f\u0131 taslak \u00fczerindeki m\u00fczakereler mutabakatla sonu\u00e7lan\u0131rken, imzalar at\u0131ld\u0131.<\/span><\/p>\n<p><img loading=\"lazy\" decoding=\"async\" class=\"aligncenter wp-image-9061\" src=\"https:\/\/yerelsen.org.tr\/wp-content\/uploads\/2019\/03\/47071609_2153901364858982_2610784471753949184_n-850x542.jpg\" alt=\"\" width=\"701\" height=\"447\" srcset=\"https:\/\/yerelsen.org.tr\/wp-content\/uploads\/2019\/03\/47071609_2153901364858982_2610784471753949184_n-850x542.jpg 850w, https:\/\/yerelsen.org.tr\/wp-content\/uploads\/2019\/03\/47071609_2153901364858982_2610784471753949184_n-620x395.jpg 620w, https:\/\/yerelsen.org.tr\/wp-content\/uploads\/2019\/03\/47071609_2153901364858982_2610784471753949184_n-768x490.jpg 768w, https:\/\/yerelsen.org.tr\/wp-content\/uploads\/2019\/03\/47071609_2153901364858982_2610784471753949184_n.jpg 960w\" sizes=\"auto, (max-width: 701px) 100vw, 701px\" \/><\/p>\n","protected":false},"excerpt":{"rendered":"Yerelsen\u2019in \u00fcye belediyeleri aras\u0131nda yer alan Erzincan Belediyesi\u2019nde 117 i\u015f\u00e7iyi ilgilendiren toplu i\u015f s\u00f6zle\u015fmesi g\u00f6r\u00fc\u015fmeleri sonu\u00e7land\u0131. Belediye binas\u0131nda 31.01.2019 tarihinde [&hellip;]","protected":false},"author":3,"featured_media":9060,"comment_status":"closed","ping_status":"closed","sticky":false,"template":"","format":"standard","meta":{"footnotes":""},"categories":[24],"tags":[],"class_list":["post-9059","post","type-post","status-publish","format-standard","has-post-thumbnail","hentry","category-sozlesmeler"],"_links":{"self":[{"href":"https:\/\/yerelsen.org.tr\/index.php\/wp-json\/wp\/v2\/posts\/9059","targetHints":{"allow":["GET"]}}],"collection":[{"href":"https:\/\/yerelsen.org.tr\/index.php\/wp-json\/wp\/v2\/posts"}],"about":[{"href":"https:\/\/yerelsen.org.tr\/index.php\/wp-json\/wp\/v2\/types\/post"}],"author":[{"embeddable":true,"href":"https:\/\/yerelsen.org.tr\/index.php\/wp-json\/wp\/v2\/users\/3"}],"replies":[{"embeddable":true,"href":"https:\/\/yerelsen.org.tr\/index.php\/wp-json\/wp\/v2\/comments?post=9059"}],"version-history":[{"count":3,"href":"https:\/\/yerelsen.org.tr\/index.php\/wp-json\/wp\/v2\/posts\/9059\/revisions"}],"predecessor-version":[{"id":9064,"href":"https:\/\/yerelsen.org.tr\/index.php\/wp-json\/wp\/v2\/posts\/9059\/revisions\/9064"}],"wp:featuredmedia":[{"embeddable":true,"href":"https:\/\/yerelsen.org.tr\/index.php\/wp-json\/wp\/v2\/media\/9060"}],"wp:attachment":[{"href":"https:\/\/yerelsen.org.tr\/index.php\/wp-json\/wp\/v2\/media?parent=9059"}],"wp:term":[{"taxonomy":"category","embeddable":true,"href":"https:\/\/yerelsen.org.tr\/index.php\/wp-json\/wp\/v2\/categories?post=9059"},{"taxonomy":"post_tag","embeddable":true,"href":"https:\/\/yerelsen.org.tr\/index.php\/wp-json\/wp\/v2\/tags?post=9059"}],"curies":[{"name":"wp","href":"https:\/\/api.w.org\/{rel}","templated":true}]}}