{"id":9069,"date":"2019-03-10T19:41:14","date_gmt":"2019-03-10T17:41:14","guid":{"rendered":"https:\/\/yerelsen.org.tr\/?p=9069"},"modified":"2019-03-10T19:41:45","modified_gmt":"2019-03-10T17:41:45","slug":"aksaray-belediyesinde-imzalar-atildi","status":"publish","type":"post","link":"https:\/\/yerelsen.org.tr\/index.php\/aksaray-belediyesinde-imzalar-atildi\/","title":{"rendered":"Aksaray Belediyesi\u2019nde \u0130mzalar At\u0131ld\u0131"},"content":{"rendered":"<p><img loading=\"lazy\" decoding=\"async\" class=\"aligncenter wp-image-9070\" src=\"https:\/\/yerelsen.org.tr\/wp-content\/uploads\/2019\/03\/50322065_2183455838570201_7883804731171143680_o-850x407.jpg\" alt=\"\" width=\"700\" height=\"335\" srcset=\"https:\/\/yerelsen.org.tr\/wp-content\/uploads\/2019\/03\/50322065_2183455838570201_7883804731171143680_o-850x407.jpg 850w, https:\/\/yerelsen.org.tr\/wp-content\/uploads\/2019\/03\/50322065_2183455838570201_7883804731171143680_o-620x297.jpg 620w, https:\/\/yerelsen.org.tr\/wp-content\/uploads\/2019\/03\/50322065_2183455838570201_7883804731171143680_o-768x368.jpg 768w, https:\/\/yerelsen.org.tr\/wp-content\/uploads\/2019\/03\/50322065_2183455838570201_7883804731171143680_o-420x201.jpg 420w, https:\/\/yerelsen.org.tr\/wp-content\/uploads\/2019\/03\/50322065_2183455838570201_7883804731171143680_o.jpg 1028w\" sizes=\"auto, (max-width: 700px) 100vw, 700px\" \/><\/p>\n<p class=\"p1\"><span class=\"s1\">Yerelsen\u2019in \u00fcye kurulu\u015flar\u0131 aras\u0131nda yer alan Aksaray Belediyesi\u2019nde toplu i\u015f s\u00f6zle\u015fmesi g\u00f6r\u00fc\u015fmeleri sona erdi. 07.02.2019 tarihinde ger\u00e7ekle\u015fen son g\u00f6r\u00fc\u015fmede de\u011ferlendirilen toplu i\u015f s\u00f6zle\u015fmesi tasla\u011f\u0131 \u00fczerinde anla\u015fma sa\u011fland\u0131. <\/span><\/p>\n<p class=\"p1\"><span class=\"s1\">Yerelsen\u2019in \u00e7e\u015fitli temaslar\u0131n\u0131n ard\u0131ndan ba\u015flayan toplant\u0131da Aksaray Belediyesi\u2019ni Aksaray Belediye Ba\u015fkan\u0131 Haluk \u015eahin YAZGI, Belediye Ba\u015fkan Yard\u0131mc\u0131s\u0131 G\u00fcven KEMERKAYA ve \u0130nsan Kaynaklar\u0131 ve E\u011fitim M\u00fcd\u00fcr Vekili Nagihan KARA\u00c7AM temsil etti. Yerelsen\u2019in i\u015fveren vekili s\u0131fat\u0131 ile kat\u0131ld\u0131\u011f\u0131 toplant\u0131da Yerelsen Genel Sekreter Yard\u0131mc\u0131s\u0131 Yahya B\u0130LG\u0130N ve sendika uzman\u0131 \u0130brahim Halil \u00c7elik kat\u0131ld\u0131. Toplant\u0131da i\u015f\u00e7i taraf\u0131ndan ise Hizmet-\u0130\u015f Aksaray \u015eube Ba\u015fkan\u0131 Nedim YILDIZ, \u015eube Mali Sekreteri \u015eener BELGEMEN ve \u015eube Sekreteri Yasin EMEKL\u0130 haz\u0131r bulundu. <\/span><\/p>\n<p class=\"p1\"><span class=\"s1\">Taraflar aras\u0131nda ger\u00e7ekle\u015fen son toplant\u0131da taraflar sunulan toplu i\u015f s\u00f6zle\u015fmesi tasla\u011f\u0131n\u0131n kalan maddeleri \u00fczerine m\u00fczakerelerde bulundular. Yap\u0131lan g\u00f6r\u00fc\u015fmenin ard\u0131ndan sa\u011flanan mutabakatla anla\u015fmaya var\u0131larak imzalar at\u0131ld\u0131. <\/span><\/p>\n","protected":false},"excerpt":{"rendered":"Yerelsen\u2019in \u00fcye kurulu\u015flar\u0131 aras\u0131nda yer alan Aksaray Belediyesi\u2019nde toplu i\u015f s\u00f6zle\u015fmesi g\u00f6r\u00fc\u015fmeleri sona erdi. 07.02.2019 tarihinde ger\u00e7ekle\u015fen son g\u00f6r\u00fc\u015fmede de\u011ferlendirilen [&hellip;]","protected":false},"author":3,"featured_media":9070,"comment_status":"closed","ping_status":"closed","sticky":false,"template":"","format":"standard","meta":{"footnotes":""},"categories":[24],"tags":[],"class_list":["post-9069","post","type-post","status-publish","format-standard","has-post-thumbnail","hentry","category-sozlesmeler"],"_links":{"self":[{"href":"https:\/\/yerelsen.org.tr\/index.php\/wp-json\/wp\/v2\/posts\/9069","targetHints":{"allow":["GET"]}}],"collection":[{"href":"https:\/\/yerelsen.org.tr\/index.php\/wp-json\/wp\/v2\/posts"}],"about":[{"href":"https:\/\/yerelsen.org.tr\/index.php\/wp-json\/wp\/v2\/types\/post"}],"author":[{"embeddable":true,"href":"https:\/\/yerelsen.org.tr\/index.php\/wp-json\/wp\/v2\/users\/3"}],"replies":[{"embeddable":true,"href":"https:\/\/yerelsen.org.tr\/index.php\/wp-json\/wp\/v2\/comments?post=9069"}],"version-history":[{"count":1,"href":"https:\/\/yerelsen.org.tr\/index.php\/wp-json\/wp\/v2\/posts\/9069\/revisions"}],"predecessor-version":[{"id":9071,"href":"https:\/\/yerelsen.org.tr\/index.php\/wp-json\/wp\/v2\/posts\/9069\/revisions\/9071"}],"wp:featuredmedia":[{"embeddable":true,"href":"https:\/\/yerelsen.org.tr\/index.php\/wp-json\/wp\/v2\/media\/9070"}],"wp:attachment":[{"href":"https:\/\/yerelsen.org.tr\/index.php\/wp-json\/wp\/v2\/media?parent=9069"}],"wp:term":[{"taxonomy":"category","embeddable":true,"href":"https:\/\/yerelsen.org.tr\/index.php\/wp-json\/wp\/v2\/categories?post=9069"},{"taxonomy":"post_tag","embeddable":true,"href":"https:\/\/yerelsen.org.tr\/index.php\/wp-json\/wp\/v2\/tags?post=9069"}],"curies":[{"name":"wp","href":"https:\/\/api.w.org\/{rel}","templated":true}]}}