{"id":9087,"date":"2019-04-04T11:41:33","date_gmt":"2019-04-04T09:41:33","guid":{"rendered":"https:\/\/yerelsen.org.tr\/?p=9087"},"modified":"2019-07-01T18:31:25","modified_gmt":"2019-07-01T16:31:25","slug":"mevlanada-toplu-sozlesme-imzalandi","status":"publish","type":"post","link":"https:\/\/yerelsen.org.tr\/index.php\/mevlanada-toplu-sozlesme-imzalandi\/","title":{"rendered":"MEVLANA\u2019da Toplu S\u00f6zle\u015fme \u0130mzaland\u0131"},"content":{"rendered":"<p><img loading=\"lazy\" decoding=\"async\" class=\"aligncenter wp-image-9088\" src=\"https:\/\/yerelsen.org.tr\/wp-content\/uploads\/2019\/04\/WhatsApp-Image-2019-03-27-at-16.48.10-e1554370821710-850x612.jpeg\" alt=\"\" width=\"699\" height=\"503\" srcset=\"https:\/\/yerelsen.org.tr\/wp-content\/uploads\/2019\/04\/WhatsApp-Image-2019-03-27-at-16.48.10-e1554370821710-850x612.jpeg 850w, https:\/\/yerelsen.org.tr\/wp-content\/uploads\/2019\/04\/WhatsApp-Image-2019-03-27-at-16.48.10-e1554370821710-620x446.jpeg 620w, https:\/\/yerelsen.org.tr\/wp-content\/uploads\/2019\/04\/WhatsApp-Image-2019-03-27-at-16.48.10-e1554370821710-768x553.jpeg 768w, https:\/\/yerelsen.org.tr\/wp-content\/uploads\/2019\/04\/WhatsApp-Image-2019-03-27-at-16.48.10-e1554370821710.jpeg 1200w\" sizes=\"auto, (max-width: 699px) 100vw, 699px\" \/><\/p>\n<p>Yerelsen\u2019in \u00fcye kurulu\u015flar\u0131 aras\u0131nda yer alan Mevlana Kalk\u0131nma Ajans\u0131\u2019nda toplu i\u015f s\u00f6zle\u015fmesi g\u00f6r\u00fc\u015fmelerinde anla\u015fma sa\u011fland\u0131. Ajans binas\u0131nda 27.03.2019 tarihinde ger\u00e7ekle\u015fen toplant\u0131da, s\u00f6zle\u015fme tasla\u011f\u0131 \u00fczerine nihai m\u00fczakereler yap\u0131ld\u0131.<\/p>\n<p>Yerelsen\u2019in \u00e7e\u015fitli temaslar\u0131n\u0131n ard\u0131ndan ba\u015flayan toplant\u0131da Konya Valisi C\u00fcneyit Orhan TOPRAK kat\u0131l\u0131rken Yerelsen\u2019i ise Genel Sekreter Yard\u0131mc\u0131s\u0131 Yahya B\u0130LG\u0130N temsil etti. \u00d6z B\u00fcro-\u0130\u015f Sendikas\u0131 Genel Ba\u015fkan\u0131 Baki G\u00dcLBABA\u2019n\u0131n da i\u015ftirak etti\u011fi toplant\u0131, haz\u0131rlanan tasla\u011f\u0131n de\u011ferlendirilmesi ve anla\u015fmaya var\u0131lmas\u0131 ile sonu\u00e7land\u0131. S\u00f6zle\u015fmenin imzalanmas\u0131ndan \u00f6nce bir temenni konu\u015fmas\u0131 yapan Konya Valisi C\u00fcneyit Orhan TOPRAK toplu s\u00f6zle\u015fmenin hay\u0131rlara vesile olmas\u0131n\u0131 temenni etti. S\u00f6zle\u015fmenin masada bitmesini arzu ettiklerini ve Mevlana Kalk\u0131nma Ajans\u0131 i\u015f\u00e7ilerinin hak ettikleri maa\u015flar\u0131 vermek i\u00e7in gayret sarf edecekleri vurgusunu yapt\u0131.<\/p>\n<p><img loading=\"lazy\" decoding=\"async\" class=\"aligncenter wp-image-9089\" src=\"https:\/\/yerelsen.org.tr\/wp-content\/uploads\/2019\/04\/WhatsApp-Image-2019-03-27-at-16.48.11-2-e1554370844888-850x564.jpeg\" alt=\"\" width=\"699\" height=\"464\" srcset=\"https:\/\/yerelsen.org.tr\/wp-content\/uploads\/2019\/04\/WhatsApp-Image-2019-03-27-at-16.48.11-2-e1554370844888-850x564.jpeg 850w, https:\/\/yerelsen.org.tr\/wp-content\/uploads\/2019\/04\/WhatsApp-Image-2019-03-27-at-16.48.11-2-e1554370844888-620x411.jpeg 620w, https:\/\/yerelsen.org.tr\/wp-content\/uploads\/2019\/04\/WhatsApp-Image-2019-03-27-at-16.48.11-2-e1554370844888-768x509.jpeg 768w, https:\/\/yerelsen.org.tr\/wp-content\/uploads\/2019\/04\/WhatsApp-Image-2019-03-27-at-16.48.11-2-e1554370844888-220x145.jpeg 220w, https:\/\/yerelsen.org.tr\/wp-content\/uploads\/2019\/04\/WhatsApp-Image-2019-03-27-at-16.48.11-2-e1554370844888.jpeg 1200w\" sizes=\"auto, (max-width: 699px) 100vw, 699px\" \/><\/p>\n","protected":false},"excerpt":{"rendered":"Yerelsen\u2019in \u00fcye kurulu\u015flar\u0131 aras\u0131nda yer alan Mevlana Kalk\u0131nma Ajans\u0131\u2019nda toplu i\u015f s\u00f6zle\u015fmesi g\u00f6r\u00fc\u015fmelerinde anla\u015fma sa\u011fland\u0131. Ajans binas\u0131nda 27.03.2019 tarihinde ger\u00e7ekle\u015fen [&hellip;]","protected":false},"author":3,"featured_media":9088,"comment_status":"closed","ping_status":"closed","sticky":false,"template":"","format":"standard","meta":{"footnotes":""},"categories":[24],"tags":[],"class_list":["post-9087","post","type-post","status-publish","format-standard","has-post-thumbnail","hentry","category-sozlesmeler"],"_links":{"self":[{"href":"https:\/\/yerelsen.org.tr\/index.php\/wp-json\/wp\/v2\/posts\/9087","targetHints":{"allow":["GET"]}}],"collection":[{"href":"https:\/\/yerelsen.org.tr\/index.php\/wp-json\/wp\/v2\/posts"}],"about":[{"href":"https:\/\/yerelsen.org.tr\/index.php\/wp-json\/wp\/v2\/types\/post"}],"author":[{"embeddable":true,"href":"https:\/\/yerelsen.org.tr\/index.php\/wp-json\/wp\/v2\/users\/3"}],"replies":[{"embeddable":true,"href":"https:\/\/yerelsen.org.tr\/index.php\/wp-json\/wp\/v2\/comments?post=9087"}],"version-history":[{"count":3,"href":"https:\/\/yerelsen.org.tr\/index.php\/wp-json\/wp\/v2\/posts\/9087\/revisions"}],"predecessor-version":[{"id":9159,"href":"https:\/\/yerelsen.org.tr\/index.php\/wp-json\/wp\/v2\/posts\/9087\/revisions\/9159"}],"wp:featuredmedia":[{"embeddable":true,"href":"https:\/\/yerelsen.org.tr\/index.php\/wp-json\/wp\/v2\/media\/9088"}],"wp:attachment":[{"href":"https:\/\/yerelsen.org.tr\/index.php\/wp-json\/wp\/v2\/media?parent=9087"}],"wp:term":[{"taxonomy":"category","embeddable":true,"href":"https:\/\/yerelsen.org.tr\/index.php\/wp-json\/wp\/v2\/categories?post=9087"},{"taxonomy":"post_tag","embeddable":true,"href":"https:\/\/yerelsen.org.tr\/index.php\/wp-json\/wp\/v2\/tags?post=9087"}],"curies":[{"name":"wp","href":"https:\/\/api.w.org\/{rel}","templated":true}]}}