{"id":9092,"date":"2019-04-04T11:44:42","date_gmt":"2019-04-04T09:44:42","guid":{"rendered":"https:\/\/yerelsen.org.tr\/?p=9092"},"modified":"2019-04-04T11:50:12","modified_gmt":"2019-04-04T09:50:12","slug":"bursa-ve-buskide-imzalar-atildi","status":"publish","type":"post","link":"https:\/\/yerelsen.org.tr\/index.php\/bursa-ve-buskide-imzalar-atildi\/","title":{"rendered":"Bursa B\u00fcy\u00fck\u015fehir ve BUSK\u0130&#8217;de Anla\u015fma Sa\u011fland\u0131"},"content":{"rendered":"<p><img loading=\"lazy\" decoding=\"async\" class=\"aligncenter wp-image-9094\" src=\"https:\/\/yerelsen.org.tr\/wp-content\/uploads\/2019\/04\/haber_2528_1-850x567.jpg\" alt=\"\" width=\"699\" height=\"466\" srcset=\"https:\/\/yerelsen.org.tr\/wp-content\/uploads\/2019\/04\/haber_2528_1-850x567.jpg 850w, https:\/\/yerelsen.org.tr\/wp-content\/uploads\/2019\/04\/haber_2528_1-620x413.jpg 620w, https:\/\/yerelsen.org.tr\/wp-content\/uploads\/2019\/04\/haber_2528_1-768x512.jpg 768w, https:\/\/yerelsen.org.tr\/wp-content\/uploads\/2019\/04\/haber_2528_1.jpg 2000w\" sizes=\"auto, (max-width: 699px) 100vw, 699px\" \/><\/p>\n<p>Bursa B\u00fcy\u00fck\u015fehir Belediyesi ve BUSK\u0130 Genel M\u00fcd\u00fcrl\u00fc\u011f\u00fc\u2019n\u00fcn i\u015f\u00e7ilerini ilgilendiren toplu i\u015f s\u00f6zle\u015fmesi g\u00f6r\u00fc\u015fmelerinde anla\u015fma sa\u011fland\u0131. 15.03.2019 tarihinde ger\u00e7ekle\u015fen son toplant\u0131da s\u00f6zle\u015fme tasla\u011f\u0131 \u00fczerinde mutabakata var\u0131ld\u0131.<\/p>\n<p>Yerelsen\u2019in \u00e7e\u015fitli temaslar\u0131n\u0131n ard\u0131ndan ba\u015flayan toplant\u0131da kurumlar\u0131 temsilen Bursa B\u00fcy\u00fck\u015fehir Belediye Ba\u015fkan\u0131 Alinur AKTA\u015e, Bursa B\u00fcy\u00fck\u015fehir Belediyesi Genel Sekreteri ve Yerelsen Y\u00f6netim Kurulu \u00dcyesi \u0130smail Y\u0131lmaz, Genel Sekreter Yard\u0131mc\u0131s\u0131 Ahmet AKA ve Buski Genel M\u00fcd\u00fcr\u00fc G\u00fcng\u00f6r G\u00dcLEN\u00c7 kat\u0131ld\u0131.<\/p>\n<p>Yerelsen\u2019in i\u015fveren vekili s\u0131fat\u0131 ile dahil oldu\u011fu toplant\u0131ya Yerelsen Genel Sekreter Yard\u0131mc\u0131s\u0131 Yahya B\u0130LG\u0130N ve sendika uzmanlar\u0131ndan \u0130brahim Halil \u00c7EL\u0130K i\u015ftirak etti. Toplant\u0131da i\u015fi taraf\u0131n\u0131 temsilen Hizmet-\u0130\u015f Sendikas\u0131 Genel Ba\u015fkan\u0131 Mahmut ARSLAN ve \u015eube Ba\u015fkan\u0131 Mustafa YAVUZ haz\u0131r bulundu.<\/p>\n<p>Toplant\u0131da haz\u0131rlanan taslak \u00fczerinde m\u00fczakereler anla\u015fma ile sonu\u00e7lan\u0131rken imzalar\u0131n at\u0131lmas\u0131ndan \u00f6nce Bursa B\u00fcy\u00fck\u015fehir Belediye Ba\u015fkan\u0131 bir konu\u015fma yapt\u0131. Alinur AKTA\u015e konu\u015fmas\u0131nda toplu s\u00f6zle\u015fmenin hay\u0131rlara vesile olmas\u0131n\u0131 temenni ettiklerini dile getirdi.<\/p>\n<p><img loading=\"lazy\" decoding=\"async\" class=\"aligncenter size-medium wp-image-9096\" src=\"https:\/\/yerelsen.org.tr\/wp-content\/uploads\/2019\/04\/haber_2528_6-620x413.jpg\" alt=\"\" width=\"620\" height=\"413\" srcset=\"https:\/\/yerelsen.org.tr\/wp-content\/uploads\/2019\/04\/haber_2528_6-620x413.jpg 620w, https:\/\/yerelsen.org.tr\/wp-content\/uploads\/2019\/04\/haber_2528_6-768x512.jpg 768w, https:\/\/yerelsen.org.tr\/wp-content\/uploads\/2019\/04\/haber_2528_6-850x567.jpg 850w, https:\/\/yerelsen.org.tr\/wp-content\/uploads\/2019\/04\/haber_2528_6.jpg 2000w\" sizes=\"auto, (max-width: 620px) 100vw, 620px\" \/><\/p>\n<p><img loading=\"lazy\" decoding=\"async\" class=\"aligncenter size-medium wp-image-9095\" src=\"https:\/\/yerelsen.org.tr\/wp-content\/uploads\/2019\/04\/haber_2528_2-620x413.jpg\" alt=\"\" width=\"620\" height=\"413\" srcset=\"https:\/\/yerelsen.org.tr\/wp-content\/uploads\/2019\/04\/haber_2528_2-620x413.jpg 620w, https:\/\/yerelsen.org.tr\/wp-content\/uploads\/2019\/04\/haber_2528_2-768x512.jpg 768w, https:\/\/yerelsen.org.tr\/wp-content\/uploads\/2019\/04\/haber_2528_2-850x567.jpg 850w, https:\/\/yerelsen.org.tr\/wp-content\/uploads\/2019\/04\/haber_2528_2.jpg 2000w\" sizes=\"auto, (max-width: 620px) 100vw, 620px\" \/><\/p>\n<p><img loading=\"lazy\" decoding=\"async\" class=\"aligncenter size-medium wp-image-9093\" src=\"https:\/\/yerelsen.org.tr\/wp-content\/uploads\/2019\/04\/bursa-620x600.jpg\" alt=\"\" width=\"620\" height=\"600\" srcset=\"https:\/\/yerelsen.org.tr\/wp-content\/uploads\/2019\/04\/bursa-620x600.jpg 620w, https:\/\/yerelsen.org.tr\/wp-content\/uploads\/2019\/04\/bursa.jpg 674w\" sizes=\"auto, (max-width: 620px) 100vw, 620px\" \/><\/p>\n","protected":false},"excerpt":{"rendered":"Bursa B\u00fcy\u00fck\u015fehir Belediyesi ve BUSK\u0130 Genel M\u00fcd\u00fcrl\u00fc\u011f\u00fc\u2019n\u00fcn i\u015f\u00e7ilerini ilgilendiren toplu i\u015f s\u00f6zle\u015fmesi g\u00f6r\u00fc\u015fmelerinde anla\u015fma sa\u011fland\u0131. 15.03.2019 tarihinde ger\u00e7ekle\u015fen son toplant\u0131da [&hellip;]","protected":false},"author":3,"featured_media":9094,"comment_status":"closed","ping_status":"closed","sticky":false,"template":"","format":"standard","meta":{"footnotes":""},"categories":[24],"tags":[],"class_list":["post-9092","post","type-post","status-publish","format-standard","has-post-thumbnail","hentry","category-sozlesmeler"],"_links":{"self":[{"href":"https:\/\/yerelsen.org.tr\/index.php\/wp-json\/wp\/v2\/posts\/9092","targetHints":{"allow":["GET"]}}],"collection":[{"href":"https:\/\/yerelsen.org.tr\/index.php\/wp-json\/wp\/v2\/posts"}],"about":[{"href":"https:\/\/yerelsen.org.tr\/index.php\/wp-json\/wp\/v2\/types\/post"}],"author":[{"embeddable":true,"href":"https:\/\/yerelsen.org.tr\/index.php\/wp-json\/wp\/v2\/users\/3"}],"replies":[{"embeddable":true,"href":"https:\/\/yerelsen.org.tr\/index.php\/wp-json\/wp\/v2\/comments?post=9092"}],"version-history":[{"count":4,"href":"https:\/\/yerelsen.org.tr\/index.php\/wp-json\/wp\/v2\/posts\/9092\/revisions"}],"predecessor-version":[{"id":9100,"href":"https:\/\/yerelsen.org.tr\/index.php\/wp-json\/wp\/v2\/posts\/9092\/revisions\/9100"}],"wp:featuredmedia":[{"embeddable":true,"href":"https:\/\/yerelsen.org.tr\/index.php\/wp-json\/wp\/v2\/media\/9094"}],"wp:attachment":[{"href":"https:\/\/yerelsen.org.tr\/index.php\/wp-json\/wp\/v2\/media?parent=9092"}],"wp:term":[{"taxonomy":"category","embeddable":true,"href":"https:\/\/yerelsen.org.tr\/index.php\/wp-json\/wp\/v2\/categories?post=9092"},{"taxonomy":"post_tag","embeddable":true,"href":"https:\/\/yerelsen.org.tr\/index.php\/wp-json\/wp\/v2\/tags?post=9092"}],"curies":[{"name":"wp","href":"https:\/\/api.w.org\/{rel}","templated":true}]}}