{"id":9104,"date":"2019-04-16T07:02:10","date_gmt":"2019-04-16T05:02:10","guid":{"rendered":"https:\/\/yerelsen.org.tr\/?p=9104"},"modified":"2019-04-19T08:31:09","modified_gmt":"2019-04-19T06:31:09","slug":"sekaparkta-toplu-is-sozlesmesi-gorusmeleri","status":"publish","type":"post","link":"https:\/\/yerelsen.org.tr\/index.php\/sekaparkta-toplu-is-sozlesmesi-gorusmeleri\/","title":{"rendered":"Sekapark\u2019ta Toplu \u0130\u015f S\u00f6zle\u015fmesi G\u00f6r\u00fc\u015fmeleri"},"content":{"rendered":"<p><img loading=\"lazy\" decoding=\"async\" class=\" wp-image-9105\" src=\"https:\/\/yerelsen.org.tr\/wp-content\/uploads\/2019\/04\/IMG_20190405_140734-620x465.jpg\" alt=\"\" width=\"697\" height=\"523\" srcset=\"https:\/\/yerelsen.org.tr\/wp-content\/uploads\/2019\/04\/IMG_20190405_140734-620x465.jpg 620w, https:\/\/yerelsen.org.tr\/wp-content\/uploads\/2019\/04\/IMG_20190405_140734-768x576.jpg 768w, https:\/\/yerelsen.org.tr\/wp-content\/uploads\/2019\/04\/IMG_20190405_140734-850x638.jpg 850w\" sizes=\"auto, (max-width: 697px) 100vw, 697px\" \/><\/p>\n<p class=\"p1\"><span class=\"s1\">Yerelsen\u2019in \u00fcye kurulu\u015flar\u0131 aras\u0131nda yer alan Sekapark\u2019ta 30 i\u015f\u00e7iyi ilgilendiren toplu i\u015f s\u00f6zle\u015fmesi g\u00f6r\u00fc\u015fmeleri ba\u015flad\u0131. 05.04.2019 tarihinde Yerelsen hizmet binas\u0131nda ger\u00e7ekle\u015fen toplant\u0131da s\u00f6zle\u015fme tasla\u011f\u0131 de\u011ferlendirildi. <\/span><\/p>\n<p class=\"p1\"><span class=\"s1\">Yerelsen\u2019in \u00e7e\u015fitli temaslar\u0131n\u0131n ard\u0131ndan ba\u015flayan toplant\u0131da Yerelsen Genel Sekreteri Ali DANI\u015e ve sendika uzmanlar\u0131ndan Hasan TENL\u0130K ile Murat ASLAN i\u015fveren vekili s\u0131fat\u0131 ile yer ald\u0131. Toplant\u0131da i\u015f\u00e7i taraf\u0131n\u0131 temsilen ise Liman-\u0130\u015f Sendikas\u0131 Genel Sekreteri B\u00fclent AYKURT, Genel E\u011fitim Sekreteri Ahmet U\u00c7AR ve Temsilci R\u00fcstem KARABULUT haz\u0131r bulundu. <\/span><\/p>\n<p class=\"p1\"><span class=\"s1\">30 i\u015f\u00e7iyi ilgilendiren toplu i\u015f s\u00f6zle\u015fmesi g\u00f6r\u00fc\u015fmelerinde bir temenni konu\u015fmas\u0131 yapan Yerelsen Genel Sekreteri Ali DANI\u015e, yeni ba\u015flayan toplu i\u015f s\u00f6zle\u015fmesi s\u00fcrecinin hem kuruma hem de i\u015f\u00e7ilere hay\u0131rl\u0131 olmas\u0131n\u0131 diledi.<\/span><\/p>\n<p class=\"p1\"><span class=\"s1\">Temenni konu\u015fmalar\u0131n\u0131n ard\u0131ndan ge\u00e7ilen s\u00f6zle\u015fme g\u00f6r\u00fc\u015fmelerinde i\u015f\u00e7i taraf\u0131n\u0131n haz\u0131rlad\u0131\u011f\u0131 taslak g\u00f6r\u00fc\u015f\u00fcl\u00fcrken, tasla\u011f\u0131n ilk 5 maddesinin kabul edilmesine karar verildi. <\/span><\/p>\n","protected":false},"excerpt":{"rendered":"Yerelsen\u2019in \u00fcye kurulu\u015flar\u0131 aras\u0131nda yer alan Sekapark\u2019ta 30 i\u015f\u00e7iyi ilgilendiren toplu i\u015f s\u00f6zle\u015fmesi g\u00f6r\u00fc\u015fmeleri ba\u015flad\u0131. 05.04.2019 tarihinde Yerelsen hizmet binas\u0131nda [&hellip;]","protected":false},"author":3,"featured_media":9105,"comment_status":"closed","ping_status":"closed","sticky":false,"template":"","format":"standard","meta":{"footnotes":""},"categories":[24],"tags":[],"class_list":["post-9104","post","type-post","status-publish","format-standard","has-post-thumbnail","hentry","category-sozlesmeler"],"_links":{"self":[{"href":"https:\/\/yerelsen.org.tr\/index.php\/wp-json\/wp\/v2\/posts\/9104","targetHints":{"allow":["GET"]}}],"collection":[{"href":"https:\/\/yerelsen.org.tr\/index.php\/wp-json\/wp\/v2\/posts"}],"about":[{"href":"https:\/\/yerelsen.org.tr\/index.php\/wp-json\/wp\/v2\/types\/post"}],"author":[{"embeddable":true,"href":"https:\/\/yerelsen.org.tr\/index.php\/wp-json\/wp\/v2\/users\/3"}],"replies":[{"embeddable":true,"href":"https:\/\/yerelsen.org.tr\/index.php\/wp-json\/wp\/v2\/comments?post=9104"}],"version-history":[{"count":2,"href":"https:\/\/yerelsen.org.tr\/index.php\/wp-json\/wp\/v2\/posts\/9104\/revisions"}],"predecessor-version":[{"id":9120,"href":"https:\/\/yerelsen.org.tr\/index.php\/wp-json\/wp\/v2\/posts\/9104\/revisions\/9120"}],"wp:featuredmedia":[{"embeddable":true,"href":"https:\/\/yerelsen.org.tr\/index.php\/wp-json\/wp\/v2\/media\/9105"}],"wp:attachment":[{"href":"https:\/\/yerelsen.org.tr\/index.php\/wp-json\/wp\/v2\/media?parent=9104"}],"wp:term":[{"taxonomy":"category","embeddable":true,"href":"https:\/\/yerelsen.org.tr\/index.php\/wp-json\/wp\/v2\/categories?post=9104"},{"taxonomy":"post_tag","embeddable":true,"href":"https:\/\/yerelsen.org.tr\/index.php\/wp-json\/wp\/v2\/tags?post=9104"}],"curies":[{"name":"wp","href":"https:\/\/api.w.org\/{rel}","templated":true}]}}