{"id":9107,"date":"2019-04-16T07:04:10","date_gmt":"2019-04-16T05:04:10","guid":{"rendered":"https:\/\/yerelsen.org.tr\/?p=9107"},"modified":"2019-04-19T08:29:55","modified_gmt":"2019-04-19T06:29:55","slug":"istanbul-kalkinma-ajansinda-imzalar-atildi","status":"publish","type":"post","link":"https:\/\/yerelsen.org.tr\/index.php\/istanbul-kalkinma-ajansinda-imzalar-atildi\/","title":{"rendered":"\u0130stanbul Kalk\u0131nma Ajans\u0131\u2019nda \u0130mzalar At\u0131ld\u0131"},"content":{"rendered":"<p><img loading=\"lazy\" decoding=\"async\" class=\"aligncenter wp-image-9110\" src=\"https:\/\/yerelsen.org.tr\/wp-content\/uploads\/2019\/04\/57272215_2230553030527148_3508708579676782592_n-620x504.jpg\" alt=\"\" width=\"699\" height=\"568\" srcset=\"https:\/\/yerelsen.org.tr\/wp-content\/uploads\/2019\/04\/57272215_2230553030527148_3508708579676782592_n-620x504.jpg 620w, https:\/\/yerelsen.org.tr\/wp-content\/uploads\/2019\/04\/57272215_2230553030527148_3508708579676782592_n-768x624.jpg 768w, https:\/\/yerelsen.org.tr\/wp-content\/uploads\/2019\/04\/57272215_2230553030527148_3508708579676782592_n-850x691.jpg 850w, https:\/\/yerelsen.org.tr\/wp-content\/uploads\/2019\/04\/57272215_2230553030527148_3508708579676782592_n.jpg 896w\" sizes=\"auto, (max-width: 699px) 100vw, 699px\" \/><\/p>\n<p class=\"p1\"><span class=\"s1\">\u0130stanbul Kalk\u0131nma Ajans\u0131\u2019nda toplu i\u015f s\u00f6zle\u015fmesi g\u00f6r\u00fc\u015fmelerinde sona gelindi. 10.04.2019 tarihinde ger\u00e7ekle\u015fen toplant\u0131da \u0130stanbul Kalk\u0131nma Ajans\u0131 \u00e7al\u0131\u015fanlar\u0131n\u0131 ilgilendiren s\u00f6zle\u015fme tasla\u011f\u0131nda anla\u015fma sa\u011fland\u0131. <\/span><\/p>\n<p class=\"p1\"><span class=\"s1\">\u0130stanbul Valisi ba\u015fkanl\u0131\u011f\u0131nda yap\u0131lan son toplant\u0131da \u0130stanbul Valisi Sn. Ali YERL\u0130KAYA, \u0130stanbul Kalk\u0131nma Ajans\u0131 Genel Sekreter V. Fatih P\u0130\u015eK\u0130N,<b> <\/b>Yerelsen Genel Sekreteri Ali DANI\u015e, Genel Sekreter Yard\u0131mc\u0131s\u0131 Yahya B\u0130LG\u0130N ve Sendika Uzmanlar\u0131ndan \u0130brahim Halil \u00c7EL\u0130K yer ald\u0131. \u0130\u015f\u00e7i taraf\u0131n\u0131 Koop-\u0130\u015f sendikas\u0131n\u0131n temsil etti\u011fi toplant\u0131da sendika yetkililerinden \u015eube Ba\u015fkan\u0131 Aziz HACISAL\u0130HO\u011eLU ve \u015eube \u0130dari Sekreteri Hac\u0131 S\u00fcleyman \u00c7ET\u0130N yer ald\u0131. <\/span><\/p>\n<p class=\"p1\"><span class=\"s1\">\u0130stanbul Valisi Sn. Ali YERL\u0130KAYA\u2019n\u0131n ba\u015fkanl\u0131\u011f\u0131nda g\u00f6r\u00fc\u015fmelerin ger\u00e7ekle\u015fmesinin ard\u0131ndan \u0130stanbul Kalk\u0131nma Ajans\u0131 hizmet binas\u0131nda yap\u0131lan toplant\u0131 ile s\u00f6zle\u015fme tasla\u011f\u0131nda mutabakat sa\u011fland\u0131. Sa\u011flanan mutabakat\u0131n ard\u0131ndan taraflar\u0131n imza atmas\u0131 ile toplu i\u015f s\u00f6zle\u015fmesi g\u00f6r\u00fc\u015fmeleri anla\u015fma ile sonu\u00e7lanm\u0131\u015f oldu.<\/span><\/p>\n<p><img loading=\"lazy\" decoding=\"async\" class=\"aligncenter wp-image-9109\" src=\"https:\/\/yerelsen.org.tr\/wp-content\/uploads\/2019\/04\/57258270_2230553053860479_908316013223739392_n-620x504.jpg\" alt=\"\" width=\"700\" height=\"569\" srcset=\"https:\/\/yerelsen.org.tr\/wp-content\/uploads\/2019\/04\/57258270_2230553053860479_908316013223739392_n-620x504.jpg 620w, https:\/\/yerelsen.org.tr\/wp-content\/uploads\/2019\/04\/57258270_2230553053860479_908316013223739392_n.jpg 760w\" sizes=\"auto, (max-width: 700px) 100vw, 700px\" \/><\/p>\n<p><img loading=\"lazy\" decoding=\"async\" class=\"aligncenter wp-image-9108\" src=\"https:\/\/yerelsen.org.tr\/wp-content\/uploads\/2019\/04\/56904879_2230553093860475_7148805053661315072_n-620x504.jpg\" alt=\"\" width=\"700\" height=\"569\" srcset=\"https:\/\/yerelsen.org.tr\/wp-content\/uploads\/2019\/04\/56904879_2230553093860475_7148805053661315072_n-620x504.jpg 620w, https:\/\/yerelsen.org.tr\/wp-content\/uploads\/2019\/04\/56904879_2230553093860475_7148805053661315072_n.jpg 714w\" sizes=\"auto, (max-width: 700px) 100vw, 700px\" \/><\/p>\n","protected":false},"excerpt":{"rendered":"\u0130stanbul Kalk\u0131nma Ajans\u0131\u2019nda toplu i\u015f s\u00f6zle\u015fmesi g\u00f6r\u00fc\u015fmelerinde sona gelindi. 10.04.2019 tarihinde ger\u00e7ekle\u015fen toplant\u0131da \u0130stanbul Kalk\u0131nma Ajans\u0131 \u00e7al\u0131\u015fanlar\u0131n\u0131 ilgilendiren s\u00f6zle\u015fme tasla\u011f\u0131nda [&hellip;]","protected":false},"author":3,"featured_media":9110,"comment_status":"closed","ping_status":"closed","sticky":false,"template":"","format":"standard","meta":{"footnotes":""},"categories":[24],"tags":[],"class_list":["post-9107","post","type-post","status-publish","format-standard","has-post-thumbnail","hentry","category-sozlesmeler"],"_links":{"self":[{"href":"https:\/\/yerelsen.org.tr\/index.php\/wp-json\/wp\/v2\/posts\/9107","targetHints":{"allow":["GET"]}}],"collection":[{"href":"https:\/\/yerelsen.org.tr\/index.php\/wp-json\/wp\/v2\/posts"}],"about":[{"href":"https:\/\/yerelsen.org.tr\/index.php\/wp-json\/wp\/v2\/types\/post"}],"author":[{"embeddable":true,"href":"https:\/\/yerelsen.org.tr\/index.php\/wp-json\/wp\/v2\/users\/3"}],"replies":[{"embeddable":true,"href":"https:\/\/yerelsen.org.tr\/index.php\/wp-json\/wp\/v2\/comments?post=9107"}],"version-history":[{"count":2,"href":"https:\/\/yerelsen.org.tr\/index.php\/wp-json\/wp\/v2\/posts\/9107\/revisions"}],"predecessor-version":[{"id":9119,"href":"https:\/\/yerelsen.org.tr\/index.php\/wp-json\/wp\/v2\/posts\/9107\/revisions\/9119"}],"wp:featuredmedia":[{"embeddable":true,"href":"https:\/\/yerelsen.org.tr\/index.php\/wp-json\/wp\/v2\/media\/9110"}],"wp:attachment":[{"href":"https:\/\/yerelsen.org.tr\/index.php\/wp-json\/wp\/v2\/media?parent=9107"}],"wp:term":[{"taxonomy":"category","embeddable":true,"href":"https:\/\/yerelsen.org.tr\/index.php\/wp-json\/wp\/v2\/categories?post=9107"},{"taxonomy":"post_tag","embeddable":true,"href":"https:\/\/yerelsen.org.tr\/index.php\/wp-json\/wp\/v2\/tags?post=9107"}],"curies":[{"name":"wp","href":"https:\/\/api.w.org\/{rel}","templated":true}]}}