{"id":9112,"date":"2019-04-16T07:05:58","date_gmt":"2019-04-16T05:05:58","guid":{"rendered":"https:\/\/yerelsen.org.tr\/?p=9112"},"modified":"2019-04-16T07:06:47","modified_gmt":"2019-04-16T05:06:47","slug":"markada-toplu-is-sozlesmesi-gorusmelerinde-anlasma-saglandi","status":"publish","type":"post","link":"https:\/\/yerelsen.org.tr\/index.php\/markada-toplu-is-sozlesmesi-gorusmelerinde-anlasma-saglandi\/","title":{"rendered":"MARKA\u2019da T\u0130S G\u00f6r\u00fc\u015fmelerinde Anla\u015fma Sa\u011fland\u0131"},"content":{"rendered":"<p><img loading=\"lazy\" decoding=\"async\" class=\"aligncenter wp-image-9115\" src=\"https:\/\/yerelsen.org.tr\/wp-content\/uploads\/2019\/04\/WhatsApp-Image-2019-04-11-at-10.59.54-3-620x413.jpeg\" alt=\"\" width=\"700\" height=\"466\" srcset=\"https:\/\/yerelsen.org.tr\/wp-content\/uploads\/2019\/04\/WhatsApp-Image-2019-04-11-at-10.59.54-3-620x413.jpeg 620w, https:\/\/yerelsen.org.tr\/wp-content\/uploads\/2019\/04\/WhatsApp-Image-2019-04-11-at-10.59.54-3-768x512.jpeg 768w, https:\/\/yerelsen.org.tr\/wp-content\/uploads\/2019\/04\/WhatsApp-Image-2019-04-11-at-10.59.54-3-850x566.jpeg 850w, https:\/\/yerelsen.org.tr\/wp-content\/uploads\/2019\/04\/WhatsApp-Image-2019-04-11-at-10.59.54-3-220x145.jpeg 220w, https:\/\/yerelsen.org.tr\/wp-content\/uploads\/2019\/04\/WhatsApp-Image-2019-04-11-at-10.59.54-3.jpeg 1600w\" sizes=\"auto, (max-width: 700px) 100vw, 700px\" \/><\/p>\n<p class=\"p1\"><span class=\"s1\">Yerelsen\u2019in \u00fcye kurulu\u015flar\u0131ndan Do\u011fu Marmara Kalk\u0131nma Ajans\u0131\u2019nda toplu i\u015f s\u00f6zle\u015fmesi g\u00f6r\u00fc\u015fmeleri olumlu sonu\u00e7land\u0131. Ajans hizmet binas\u0131nda 08.04.2019 tarihinde ger\u00e7ekle\u015fen son toplant\u0131da s\u00f6zle\u015fme tasla\u011f\u0131 \u00fczerinde mutabakata var\u0131ld\u0131. <\/span><\/p>\n<p class=\"p1\"><span class=\"s1\">Yerelsen\u2019in \u00e7e\u015fitli temaslar\u0131n\u0131n ard\u0131ndan ba\u015flayan toplant\u0131da MARKA Genel Sekreteri Mustafa \u00c7\u00d6PO\u011eLU\u2019nun yan\u0131 s\u0131ra Yerelsen Genel Sekreter Yard\u0131mc\u0131s\u0131 Yahya B\u0130LG\u0130N ve sendika uzmanlar\u0131ndan \u0130brahim Halil \u00c7EL\u0130K kat\u0131l\u0131m sa\u011flad\u0131. \u0130\u015f\u00e7i taraf\u0131n\u0131 temsilen ise Koop-\u0130\u015f \u015eube Ba\u015fkan\u0131 \u015eevket ULUS\u0130NAN ve T\u0130S Servis M\u00fcd\u00fcr\u00fc Aytu\u011f BALAMAN haz\u0131r bulundu. <\/span><\/p>\n<p class=\"p1\"><span class=\"s1\">S\u00f6zle\u015fme g\u00f6r\u00fc\u015fmelerinden \u00f6nce MARKA Genel Sekreteri Mustafa \u00c7\u00d6PO\u011eLU yapt\u0131\u011f\u0131 konu\u015fmada toplu i\u015f s\u00f6zle\u015fmesinin hay\u0131rlara vesile olmas\u0131n\u0131 temenni ettiklerini dile getirdi. <\/span><\/p>\n<p class=\"p1\"><span class=\"s1\">Temenni konu\u015fmalar\u0131n\u0131n ard\u0131ndan ger\u00e7ekle\u015fen son oturumda i\u015f\u00e7i taraf\u0131n\u0131n haz\u0131rlad\u0131\u011f\u0131 taslak \u00fczerindeki m\u00fczakerelerin olumlu sonu\u00e7lanmas\u0131 ile anla\u015fma sa\u011flanarak imzalar at\u0131ld\u0131.<\/span><\/p>\n<p><img loading=\"lazy\" decoding=\"async\" class=\"aligncenter wp-image-9113\" src=\"https:\/\/yerelsen.org.tr\/wp-content\/uploads\/2019\/04\/WhatsApp-Image-2019-04-11-at-10.59.53-620x345.jpeg\" alt=\"\" width=\"699\" height=\"389\" srcset=\"https:\/\/yerelsen.org.tr\/wp-content\/uploads\/2019\/04\/WhatsApp-Image-2019-04-11-at-10.59.53-620x345.jpeg 620w, https:\/\/yerelsen.org.tr\/wp-content\/uploads\/2019\/04\/WhatsApp-Image-2019-04-11-at-10.59.53-768x428.jpeg 768w, https:\/\/yerelsen.org.tr\/wp-content\/uploads\/2019\/04\/WhatsApp-Image-2019-04-11-at-10.59.53-850x473.jpeg 850w, https:\/\/yerelsen.org.tr\/wp-content\/uploads\/2019\/04\/WhatsApp-Image-2019-04-11-at-10.59.53.jpeg 1600w\" sizes=\"auto, (max-width: 699px) 100vw, 699px\" \/><\/p>\n","protected":false},"excerpt":{"rendered":"Yerelsen\u2019in \u00fcye kurulu\u015flar\u0131ndan Do\u011fu Marmara Kalk\u0131nma Ajans\u0131\u2019nda toplu i\u015f s\u00f6zle\u015fmesi g\u00f6r\u00fc\u015fmeleri olumlu sonu\u00e7land\u0131. Ajans hizmet binas\u0131nda 08.04.2019 tarihinde ger\u00e7ekle\u015fen son [&hellip;]","protected":false},"author":3,"featured_media":9115,"comment_status":"closed","ping_status":"closed","sticky":false,"template":"","format":"standard","meta":{"footnotes":""},"categories":[24],"tags":[],"class_list":["post-9112","post","type-post","status-publish","format-standard","has-post-thumbnail","hentry","category-sozlesmeler"],"_links":{"self":[{"href":"https:\/\/yerelsen.org.tr\/index.php\/wp-json\/wp\/v2\/posts\/9112","targetHints":{"allow":["GET"]}}],"collection":[{"href":"https:\/\/yerelsen.org.tr\/index.php\/wp-json\/wp\/v2\/posts"}],"about":[{"href":"https:\/\/yerelsen.org.tr\/index.php\/wp-json\/wp\/v2\/types\/post"}],"author":[{"embeddable":true,"href":"https:\/\/yerelsen.org.tr\/index.php\/wp-json\/wp\/v2\/users\/3"}],"replies":[{"embeddable":true,"href":"https:\/\/yerelsen.org.tr\/index.php\/wp-json\/wp\/v2\/comments?post=9112"}],"version-history":[{"count":2,"href":"https:\/\/yerelsen.org.tr\/index.php\/wp-json\/wp\/v2\/posts\/9112\/revisions"}],"predecessor-version":[{"id":9117,"href":"https:\/\/yerelsen.org.tr\/index.php\/wp-json\/wp\/v2\/posts\/9112\/revisions\/9117"}],"wp:featuredmedia":[{"embeddable":true,"href":"https:\/\/yerelsen.org.tr\/index.php\/wp-json\/wp\/v2\/media\/9115"}],"wp:attachment":[{"href":"https:\/\/yerelsen.org.tr\/index.php\/wp-json\/wp\/v2\/media?parent=9112"}],"wp:term":[{"taxonomy":"category","embeddable":true,"href":"https:\/\/yerelsen.org.tr\/index.php\/wp-json\/wp\/v2\/categories?post=9112"},{"taxonomy":"post_tag","embeddable":true,"href":"https:\/\/yerelsen.org.tr\/index.php\/wp-json\/wp\/v2\/tags?post=9112"}],"curies":[{"name":"wp","href":"https:\/\/api.w.org\/{rel}","templated":true}]}}