{"id":9131,"date":"2019-05-16T13:24:42","date_gmt":"2019-05-16T11:24:42","guid":{"rendered":"https:\/\/yerelsen.org.tr\/?p=9131"},"modified":"2019-05-16T13:24:42","modified_gmt":"2019-05-16T11:24:42","slug":"kartepe-a-s-de-toplu-is-sozlesmesi-gorusmeleri-basladi","status":"publish","type":"post","link":"https:\/\/yerelsen.org.tr\/index.php\/kartepe-a-s-de-toplu-is-sozlesmesi-gorusmeleri-basladi\/","title":{"rendered":"Kartepe A.\u015e.\u2019de Toplu \u0130\u015f S\u00f6zle\u015fmesi G\u00f6r\u00fc\u015fmeleri Ba\u015flad\u0131"},"content":{"rendered":"<p><img loading=\"lazy\" decoding=\"async\" class=\"aligncenter  wp-image-9132\" src=\"https:\/\/yerelsen.org.tr\/wp-content\/uploads\/2019\/05\/IMG-20190515-WA0006-620x465.jpg\" alt=\"\" width=\"699\" height=\"524\" srcset=\"https:\/\/yerelsen.org.tr\/wp-content\/uploads\/2019\/05\/IMG-20190515-WA0006-620x465.jpg 620w, https:\/\/yerelsen.org.tr\/wp-content\/uploads\/2019\/05\/IMG-20190515-WA0006-768x576.jpg 768w, https:\/\/yerelsen.org.tr\/wp-content\/uploads\/2019\/05\/IMG-20190515-WA0006-850x638.jpg 850w, https:\/\/yerelsen.org.tr\/wp-content\/uploads\/2019\/05\/IMG-20190515-WA0006.jpg 1600w\" sizes=\"auto, (max-width: 699px) 100vw, 699px\" \/><\/p>\n<p>Yerelsen\u2019in \u00fcye kurulu\u015flar\u0131ndan Kartepe A.\u015e.\u2019de 60 i\u015f\u00e7iyi ilgilendiren toplu i\u015f s\u00f6zle\u015fmesi g\u00f6r\u00fc\u015fmeleri ba\u015flad\u0131. Kartepe A.\u015e. Genel M\u00fcd\u00fcrl\u00fc\u011f\u00fc binas\u0131nda 16.05.2019 tarihinde ger\u00e7ekle\u015fen g\u00f6r\u00fc\u015fmede toplu i\u015f s\u00f6zle\u015fmesi tasla\u011f\u0131 incelendi.<\/p>\n<p>Yerelsen\u2019in \u00e7e\u015fitli temaslar\u0131n\u0131n ard\u0131ndan ba\u015flayan g\u00f6r\u00fc\u015fmelerde sendikam\u0131z uzmanlar\u0131ndan Hasan TENL\u0130K, Murat ASLAN\u00a0 ve Melih KURAN g\u00f6r\u00fc\u015fmelerde haz\u0131r bulunurken Kartepe A.\u015e.\u2019yi ise Y\u00f6netim Kurulu Ba\u015fkan\u0131 Mehmet F\u0130L\u0130Z \u00a0ve Genel M\u00fcd\u00fcr Ramazan KAMBUR temsil etti. \u0130\u015f\u00e7i taraf\u0131n\u0131 Belediye-\u0130\u015f\u2019in temsil etti\u011fi g\u00f6r\u00fc\u015fmelerde Belediye-\u0130\u015f Sube Ba\u015fkan\u0131 Osman \u015eAR ve \u015eube Mali Sekreteri Mehmet ER haz\u0131r bulundu.<\/p>\n<p>G\u00f6r\u00fc\u015fmelerden \u00f6nce ger\u00e7ekle\u015fen temenni konu\u015fmalar\u0131nda : Kartepe A.\u015e Y\u00f6netim Kurulu Ba\u015fkan\u0131 Mehmet F\u0130L\u0130Z yeni ba\u015flayan toplu i\u015f s\u00f6zle\u015fmesi s\u00fcrecinin hem kuruma hem de i\u015f\u00e7ilerimize hay\u0131rl\u0131 olmas\u0131n\u0131 diledi. Temenni konu\u015fmalar\u0131n\u0131n ard\u0131ndan ba\u015flayan g\u00f6r\u00fc\u015fmelerde i\u015f\u00e7i taraf\u0131n\u0131n haz\u0131rlad\u0131\u011f\u0131 63 maddelik tasla\u011f\u0131n 14 maddesi ilk toplant\u0131da kabul edilirken, di\u011fer maddeler ile ilgili m\u00fczakerelerin devam etmesine karar verildi.<\/p>\n","protected":false},"excerpt":{"rendered":"Yerelsen\u2019in \u00fcye kurulu\u015flar\u0131ndan Kartepe A.\u015e.\u2019de 60 i\u015f\u00e7iyi ilgilendiren toplu i\u015f s\u00f6zle\u015fmesi g\u00f6r\u00fc\u015fmeleri ba\u015flad\u0131. Kartepe A.\u015e. Genel M\u00fcd\u00fcrl\u00fc\u011f\u00fc binas\u0131nda 16.05.2019 tarihinde [&hellip;]","protected":false},"author":3,"featured_media":9132,"comment_status":"closed","ping_status":"closed","sticky":false,"template":"","format":"standard","meta":{"footnotes":""},"categories":[24],"tags":[],"class_list":["post-9131","post","type-post","status-publish","format-standard","has-post-thumbnail","hentry","category-sozlesmeler"],"_links":{"self":[{"href":"https:\/\/yerelsen.org.tr\/index.php\/wp-json\/wp\/v2\/posts\/9131","targetHints":{"allow":["GET"]}}],"collection":[{"href":"https:\/\/yerelsen.org.tr\/index.php\/wp-json\/wp\/v2\/posts"}],"about":[{"href":"https:\/\/yerelsen.org.tr\/index.php\/wp-json\/wp\/v2\/types\/post"}],"author":[{"embeddable":true,"href":"https:\/\/yerelsen.org.tr\/index.php\/wp-json\/wp\/v2\/users\/3"}],"replies":[{"embeddable":true,"href":"https:\/\/yerelsen.org.tr\/index.php\/wp-json\/wp\/v2\/comments?post=9131"}],"version-history":[{"count":1,"href":"https:\/\/yerelsen.org.tr\/index.php\/wp-json\/wp\/v2\/posts\/9131\/revisions"}],"predecessor-version":[{"id":9133,"href":"https:\/\/yerelsen.org.tr\/index.php\/wp-json\/wp\/v2\/posts\/9131\/revisions\/9133"}],"wp:featuredmedia":[{"embeddable":true,"href":"https:\/\/yerelsen.org.tr\/index.php\/wp-json\/wp\/v2\/media\/9132"}],"wp:attachment":[{"href":"https:\/\/yerelsen.org.tr\/index.php\/wp-json\/wp\/v2\/media?parent=9131"}],"wp:term":[{"taxonomy":"category","embeddable":true,"href":"https:\/\/yerelsen.org.tr\/index.php\/wp-json\/wp\/v2\/categories?post=9131"},{"taxonomy":"post_tag","embeddable":true,"href":"https:\/\/yerelsen.org.tr\/index.php\/wp-json\/wp\/v2\/tags?post=9131"}],"curies":[{"name":"wp","href":"https:\/\/api.w.org\/{rel}","templated":true}]}}