{"id":9363,"date":"2019-09-17T13:15:22","date_gmt":"2019-09-17T11:15:22","guid":{"rendered":"https:\/\/yerelsen.org.tr\/?p=9363"},"modified":"2019-09-17T13:15:22","modified_gmt":"2019-09-17T11:15:22","slug":"cardak-belediyesinde-toplu-is-sozlesmesi-imzalandi","status":"publish","type":"post","link":"https:\/\/yerelsen.org.tr\/index.php\/cardak-belediyesinde-toplu-is-sozlesmesi-imzalandi\/","title":{"rendered":"\u00c7ardak Belediyesi&#8217;nde Toplu \u0130\u015f S\u00f6zle\u015fmesi \u0130mzaland\u0131"},"content":{"rendered":"<p><img loading=\"lazy\" decoding=\"async\" class=\"aligncenter  wp-image-9364\" src=\"https:\/\/yerelsen.org.tr\/wp-content\/uploads\/2019\/09\/IMG_6568-850x567.jpg\" alt=\"\" width=\"694\" height=\"463\" srcset=\"https:\/\/yerelsen.org.tr\/wp-content\/uploads\/2019\/09\/IMG_6568-850x567.jpg 850w, https:\/\/yerelsen.org.tr\/wp-content\/uploads\/2019\/09\/IMG_6568-620x413.jpg 620w, https:\/\/yerelsen.org.tr\/wp-content\/uploads\/2019\/09\/IMG_6568-768x512.jpg 768w, https:\/\/yerelsen.org.tr\/wp-content\/uploads\/2019\/09\/IMG_6568.jpg 900w\" sizes=\"auto, (max-width: 694px) 100vw, 694px\" \/><\/p>\n<p>Yerelsen&#8217;in \u00fcye kurulu\u015flar\u0131ndan \u00c7ardak Belediyesi&#8217;nde toplu i\u015f s\u00f6zle\u015fmesi g\u00f6r\u00fc\u015fmelerinde anla\u015fma sa\u011fland\u0131. \u00c7ardak Belediye Ba\u015fkanl\u0131\u011f\u0131&#8217;nda 30.07.2019 tarihinde ger\u00e7ekle\u015fen g\u00f6r\u00fc\u015fme olumlu bir atmosferde ba\u015flad\u0131. Yerelsen&#8217;in temaslar\u0131n\u0131n ard\u0131ndan ge\u00e7ilen toplant\u0131ya sendika uzmanlar\u0131m\u0131zdan Melih KURAN, \u0130.Halil \u00c7EL\u0130K ve \u00c7ardak Belediyesi&#8217;ni temsilen Yaz\u0131 \u0130\u015fleri M\u00fcd\u00fcr\u00fc Erg\u00fcn G\u00dcL kat\u0131ld\u0131. Toplant\u0131da i\u015f\u00e7i taraf\u0131n\u0131 temsil eden Belediye \u0130\u015f Sendikas\u0131ndan ise Bal\u0131kesir \u015eube Ba\u015fkan\u0131 Y\u00fcksel \u00d6ZDEN, \u015eube Ba\u015fkan Yard\u0131mc\u0131s\u0131 \u00dcmit YILMAZER ve \u0130\u015fyeri Temsilcisi Ya\u015far CANLI haz\u0131r bulundu.<\/p>\n<p>16 i\u015f\u00e7iyi ilgilendiren toplu i\u015f s\u00f6zle\u015fmesi g\u00f6r\u00fc\u015fmelerinde kalan maddeler \u00fczerinde m\u00fczakareler tamamlanm\u0131\u015f ve anla\u015fma sa\u011flanarak imzalanm\u0131\u015ft\u0131r.<\/p>\n","protected":false},"excerpt":{"rendered":"Yerelsen&#8217;in \u00fcye kurulu\u015flar\u0131ndan \u00c7ardak Belediyesi&#8217;nde toplu i\u015f s\u00f6zle\u015fmesi g\u00f6r\u00fc\u015fmelerinde anla\u015fma sa\u011fland\u0131. \u00c7ardak Belediye Ba\u015fkanl\u0131\u011f\u0131&#8217;nda 30.07.2019 tarihinde ger\u00e7ekle\u015fen g\u00f6r\u00fc\u015fme olumlu bir [&hellip;]","protected":false},"author":3,"featured_media":9364,"comment_status":"closed","ping_status":"closed","sticky":false,"template":"","format":"standard","meta":{"footnotes":""},"categories":[24],"tags":[],"class_list":["post-9363","post","type-post","status-publish","format-standard","has-post-thumbnail","hentry","category-sozlesmeler"],"_links":{"self":[{"href":"https:\/\/yerelsen.org.tr\/index.php\/wp-json\/wp\/v2\/posts\/9363","targetHints":{"allow":["GET"]}}],"collection":[{"href":"https:\/\/yerelsen.org.tr\/index.php\/wp-json\/wp\/v2\/posts"}],"about":[{"href":"https:\/\/yerelsen.org.tr\/index.php\/wp-json\/wp\/v2\/types\/post"}],"author":[{"embeddable":true,"href":"https:\/\/yerelsen.org.tr\/index.php\/wp-json\/wp\/v2\/users\/3"}],"replies":[{"embeddable":true,"href":"https:\/\/yerelsen.org.tr\/index.php\/wp-json\/wp\/v2\/comments?post=9363"}],"version-history":[{"count":1,"href":"https:\/\/yerelsen.org.tr\/index.php\/wp-json\/wp\/v2\/posts\/9363\/revisions"}],"predecessor-version":[{"id":9365,"href":"https:\/\/yerelsen.org.tr\/index.php\/wp-json\/wp\/v2\/posts\/9363\/revisions\/9365"}],"wp:featuredmedia":[{"embeddable":true,"href":"https:\/\/yerelsen.org.tr\/index.php\/wp-json\/wp\/v2\/media\/9364"}],"wp:attachment":[{"href":"https:\/\/yerelsen.org.tr\/index.php\/wp-json\/wp\/v2\/media?parent=9363"}],"wp:term":[{"taxonomy":"category","embeddable":true,"href":"https:\/\/yerelsen.org.tr\/index.php\/wp-json\/wp\/v2\/categories?post=9363"},{"taxonomy":"post_tag","embeddable":true,"href":"https:\/\/yerelsen.org.tr\/index.php\/wp-json\/wp\/v2\/tags?post=9363"}],"curies":[{"name":"wp","href":"https:\/\/api.w.org\/{rel}","templated":true}]}}