{"id":9449,"date":"2019-11-11T17:55:12","date_gmt":"2019-11-11T15:55:12","guid":{"rendered":"https:\/\/yerelsen.org.tr\/?p=9449"},"modified":"2019-11-11T17:55:12","modified_gmt":"2019-11-11T15:55:12","slug":"marmara-belediyesinde-imzalar-atildi","status":"publish","type":"post","link":"https:\/\/yerelsen.org.tr\/index.php\/marmara-belediyesinde-imzalar-atildi\/","title":{"rendered":"Marmara Belediyesi\u2019nde \u0130mzalar At\u0131ld\u0131"},"content":{"rendered":"<p><img loading=\"lazy\" decoding=\"async\" class=\"aligncenter size-large wp-image-9450\" src=\"https:\/\/yerelsen.org.tr\/wp-content\/uploads\/2019\/11\/IMG-20191107-WA0004-850x638.jpg\" alt=\"\" width=\"700\" height=\"588\" \/><br \/>Yerelsen\u2019in \u00fcye belediyelerinden Marmara Belediyesi\u2019nde toplu i\u015f s\u00f6zle\u015fmesi g\u00f6r\u00fc\u015fmelerinde anla\u015fma sa\u011fland\u0131. Yerelsen ve Hizmet-\u0130\u015f taraf oldu\u011fu s\u00f6zle\u015fme g\u00f6r\u00fc\u015fmeleri, belediye hizmet binas\u0131nda ger\u00e7ekle\u015ftirildi.<\/p>\n<p>Yerelsen\u2019in \u00e7e\u015fitli temaslar\u0131n\u0131n ard\u0131ndan ba\u015flayan g\u00f6r\u00fc\u015fmede Marmara Belediyesi\u2019ni temsilen \u0130nsan Kaynaklar\u0131 M\u00fcd.V. Murat \u00dcNL\u00dc kat\u0131l\u0131rken Yerelsen\u2019den ise sendika uzmanlar\u0131m\u0131z Murat ASLAN, Melih KURAN ve \u0130brahim Halil \u00c7EL\u0130K haz\u0131r bulundu. Toplant\u0131da i\u015f\u00e7i taraf\u0131n\u0131 temsil eden Hizmet-\u0130\u015f sendikas\u0131ndan ise Bal\u0131kesir \u015eube Ba\u015fkan\u0131 Sava\u015f DAL kat\u0131l\u0131m g\u00f6sterdi.<\/p>\n<p>33 i\u015f\u00e7iyi ilendiren toplu i\u015f s\u00f6zle\u015fmesi \u00a0g\u00f6r\u00fc\u015fmelerinde yap\u0131lan m\u00fczakereler sonucunda taslak \u00fczerinde anla\u015fma sa\u011flanarak imzalar at\u0131lm\u0131\u015ft\u0131r. S\u00f6zle\u015fme sonras\u0131nda bir konu\u015fma yapan Marmara Belediye Ba\u015fkan\u0131 S\u00fcleyman AKSOY yeni d\u00f6nem i\u00e7in imzalanan toplu i\u015f s\u00f6zle\u015fmesinin iki tarafa da hay\u0131rl\u0131 olmas\u0131n\u0131 temenni etti. Yerelsen ekibinin ve i\u015f\u00e7i sendikas\u0131n\u0131n emeklerinden dolay\u0131 te\u015fekk\u00fcr etti. Ayr\u0131ca masada bitmesinin de kendilerini memnun etti\u011finin alt\u0131n\u0131 \u00e7izdi.<\/p>\n","protected":false},"excerpt":{"rendered":"Yerelsen\u2019in \u00fcye belediyelerinden Marmara Belediyesi\u2019nde toplu i\u015f s\u00f6zle\u015fmesi g\u00f6r\u00fc\u015fmelerinde anla\u015fma sa\u011fland\u0131. Yerelsen ve Hizmet-\u0130\u015f taraf oldu\u011fu s\u00f6zle\u015fme g\u00f6r\u00fc\u015fmeleri, belediye hizmet [&hellip;]","protected":false},"author":3,"featured_media":9450,"comment_status":"closed","ping_status":"closed","sticky":false,"template":"","format":"standard","meta":{"footnotes":""},"categories":[24],"tags":[],"class_list":["post-9449","post","type-post","status-publish","format-standard","has-post-thumbnail","hentry","category-sozlesmeler"],"_links":{"self":[{"href":"https:\/\/yerelsen.org.tr\/index.php\/wp-json\/wp\/v2\/posts\/9449","targetHints":{"allow":["GET"]}}],"collection":[{"href":"https:\/\/yerelsen.org.tr\/index.php\/wp-json\/wp\/v2\/posts"}],"about":[{"href":"https:\/\/yerelsen.org.tr\/index.php\/wp-json\/wp\/v2\/types\/post"}],"author":[{"embeddable":true,"href":"https:\/\/yerelsen.org.tr\/index.php\/wp-json\/wp\/v2\/users\/3"}],"replies":[{"embeddable":true,"href":"https:\/\/yerelsen.org.tr\/index.php\/wp-json\/wp\/v2\/comments?post=9449"}],"version-history":[{"count":1,"href":"https:\/\/yerelsen.org.tr\/index.php\/wp-json\/wp\/v2\/posts\/9449\/revisions"}],"predecessor-version":[{"id":9451,"href":"https:\/\/yerelsen.org.tr\/index.php\/wp-json\/wp\/v2\/posts\/9449\/revisions\/9451"}],"wp:featuredmedia":[{"embeddable":true,"href":"https:\/\/yerelsen.org.tr\/index.php\/wp-json\/wp\/v2\/media\/9450"}],"wp:attachment":[{"href":"https:\/\/yerelsen.org.tr\/index.php\/wp-json\/wp\/v2\/media?parent=9449"}],"wp:term":[{"taxonomy":"category","embeddable":true,"href":"https:\/\/yerelsen.org.tr\/index.php\/wp-json\/wp\/v2\/categories?post=9449"},{"taxonomy":"post_tag","embeddable":true,"href":"https:\/\/yerelsen.org.tr\/index.php\/wp-json\/wp\/v2\/tags?post=9449"}],"curies":[{"name":"wp","href":"https:\/\/api.w.org\/{rel}","templated":true}]}}