{"id":9467,"date":"2019-12-06T19:29:43","date_gmt":"2019-12-06T17:29:43","guid":{"rendered":"https:\/\/yerelsen.org.tr\/?p=9467"},"modified":"2019-12-10T07:37:23","modified_gmt":"2019-12-10T05:37:23","slug":"cankirida-tis-gorusmeleri-basladi","status":"publish","type":"post","link":"https:\/\/yerelsen.org.tr\/index.php\/cankirida-tis-gorusmeleri-basladi\/","title":{"rendered":"\u00c7ank\u0131r\u0131\u2019da T\u0130S G\u00f6r\u00fc\u015fmeleri Ba\u015flad\u0131\u00a0"},"content":{"rendered":"<p><img loading=\"lazy\" decoding=\"async\" class=\"aligncenter wp-image-9468\" src=\"https:\/\/yerelsen.org.tr\/wp-content\/uploads\/2019\/12\/IMG-20191205-WA0002-850x638.jpg\" alt=\"\" width=\"699\" height=\"525\" srcset=\"https:\/\/yerelsen.org.tr\/wp-content\/uploads\/2019\/12\/IMG-20191205-WA0002-850x638.jpg 850w, https:\/\/yerelsen.org.tr\/wp-content\/uploads\/2019\/12\/IMG-20191205-WA0002-620x465.jpg 620w, https:\/\/yerelsen.org.tr\/wp-content\/uploads\/2019\/12\/IMG-20191205-WA0002-768x576.jpg 768w, https:\/\/yerelsen.org.tr\/wp-content\/uploads\/2019\/12\/IMG-20191205-WA0002.jpg 1024w\" sizes=\"auto, (max-width: 699px) 100vw, 699px\" \/><\/p>\n<p>Yerelsen\u2019in \u00fcye kurulu\u015flar\u0131 aras\u0131nda yer alan \u00c7ank\u0131r\u0131 Belediyesi\u2019nde toplu i\u015f s\u00f6zle\u015fmesi g\u00f6r\u00fc\u015fmeleri ba\u015flad\u0131. 29.11.2019 tarihinde ba\u015flayan g\u00f6r\u00fc\u015fmede 30 i\u015f\u00e7iyi ilgilendiren toplu i\u015f s\u00f6zle\u015fmesi \u00fczerine m\u00fczakereler ger\u00e7ekle\u015ftirildi.<\/p>\n<p>\u00c7ank\u0131r\u0131 Belediyesi hizmet binas\u0131nda ba\u015flayan g\u00f6r\u00fc\u015fmelerde belediyeyi \u00c7ank\u0131r\u0131 Belediye Ba\u015fkan Yard\u0131mc\u0131s\u0131 Mehmet HALLA\u00c7 temsil ederken, Yerelsen\u2019den ise sendika uzmanlar\u0131m\u0131z Hasan TENL\u0130K ve Murat ASLAN temsil etti. G\u00f6r\u00fc\u015fmelerde i\u015f\u00e7i taraf\u0131n\u0131 temsil eden Hizmet-\u0130\u015f sendikas\u0131ndan \u015eube Ba\u015fkan\u0131 Yusuf G\u00dcLER ve \u015eube Mali Sekreteri \u0130lhan OK haz\u0131r bulundu.<\/p>\n<p>30 i\u015f\u00e7iyi ilgilendiren toplu i\u015f s\u00f6zle\u015fmesinin ilk g\u00f6r\u00fc\u015fmesinde \u00c7ank\u0131r\u0131 Belediye Ba\u015fkan Yard\u0131mc\u0131s\u0131 Mehmet HALLA\u00c7 bir konu\u015fma yapt\u0131. HALLA\u00c7 konu\u015fmas\u0131nda yeni d\u00f6nem i\u00e7in imzalanacak toplu i\u015f s\u00f6zle\u015fmesinin her iki tarafa da hay\u0131rl\u0131 olmas\u0131n\u0131 temenni ettiklerini ifade etti. Temenni konu\u015fmalar\u0131n\u0131n ard\u0131ndan ba\u015flayan g\u00f6r\u00fc\u015fmelerde haz\u0131rlanan taslak de\u011ferlendirilirken, tasla\u011f\u0131n 19 maddesinin kabul edilmesine, 1 madde \u00fczerinde ise erteleme yap\u0131lmas\u0131na karar verildi.<\/p>\n","protected":false},"excerpt":{"rendered":"Yerelsen\u2019in \u00fcye kurulu\u015flar\u0131 aras\u0131nda yer alan \u00c7ank\u0131r\u0131 Belediyesi\u2019nde toplu i\u015f s\u00f6zle\u015fmesi g\u00f6r\u00fc\u015fmeleri ba\u015flad\u0131. 29.11.2019 tarihinde ba\u015flayan g\u00f6r\u00fc\u015fmede 30 i\u015f\u00e7iyi ilgilendiren [&hellip;]","protected":false},"author":3,"featured_media":9468,"comment_status":"closed","ping_status":"closed","sticky":false,"template":"","format":"standard","meta":{"footnotes":""},"categories":[24],"tags":[],"class_list":["post-9467","post","type-post","status-publish","format-standard","has-post-thumbnail","hentry","category-sozlesmeler"],"_links":{"self":[{"href":"https:\/\/yerelsen.org.tr\/index.php\/wp-json\/wp\/v2\/posts\/9467","targetHints":{"allow":["GET"]}}],"collection":[{"href":"https:\/\/yerelsen.org.tr\/index.php\/wp-json\/wp\/v2\/posts"}],"about":[{"href":"https:\/\/yerelsen.org.tr\/index.php\/wp-json\/wp\/v2\/types\/post"}],"author":[{"embeddable":true,"href":"https:\/\/yerelsen.org.tr\/index.php\/wp-json\/wp\/v2\/users\/3"}],"replies":[{"embeddable":true,"href":"https:\/\/yerelsen.org.tr\/index.php\/wp-json\/wp\/v2\/comments?post=9467"}],"version-history":[{"count":3,"href":"https:\/\/yerelsen.org.tr\/index.php\/wp-json\/wp\/v2\/posts\/9467\/revisions"}],"predecessor-version":[{"id":9497,"href":"https:\/\/yerelsen.org.tr\/index.php\/wp-json\/wp\/v2\/posts\/9467\/revisions\/9497"}],"wp:featuredmedia":[{"embeddable":true,"href":"https:\/\/yerelsen.org.tr\/index.php\/wp-json\/wp\/v2\/media\/9468"}],"wp:attachment":[{"href":"https:\/\/yerelsen.org.tr\/index.php\/wp-json\/wp\/v2\/media?parent=9467"}],"wp:term":[{"taxonomy":"category","embeddable":true,"href":"https:\/\/yerelsen.org.tr\/index.php\/wp-json\/wp\/v2\/categories?post=9467"},{"taxonomy":"post_tag","embeddable":true,"href":"https:\/\/yerelsen.org.tr\/index.php\/wp-json\/wp\/v2\/tags?post=9467"}],"curies":[{"name":"wp","href":"https:\/\/api.w.org\/{rel}","templated":true}]}}