{"id":9472,"date":"2019-12-06T19:37:54","date_gmt":"2019-12-06T17:37:54","guid":{"rendered":"https:\/\/yerelsen.org.tr\/?p=9472"},"modified":"2019-12-06T20:32:57","modified_gmt":"2019-12-06T18:32:57","slug":"darica-belediyesinde-toplu-sozlesme-heyecani","status":"publish","type":"post","link":"https:\/\/yerelsen.org.tr\/index.php\/darica-belediyesinde-toplu-sozlesme-heyecani\/","title":{"rendered":"Dar\u0131ca Belediyesi\u2019nde Toplu S\u00f6zle\u015fme Heyecan\u0131"},"content":{"rendered":"<p><img loading=\"lazy\" decoding=\"async\" class=\"aligncenter  wp-image-9477\" src=\"https:\/\/yerelsen.org.tr\/wp-content\/uploads\/2019\/12\/IMG-20191128-WA0015-850x638.jpg\" alt=\"\" width=\"699\" height=\"525\" srcset=\"https:\/\/yerelsen.org.tr\/wp-content\/uploads\/2019\/12\/IMG-20191128-WA0015-850x638.jpg 850w, https:\/\/yerelsen.org.tr\/wp-content\/uploads\/2019\/12\/IMG-20191128-WA0015-620x465.jpg 620w, https:\/\/yerelsen.org.tr\/wp-content\/uploads\/2019\/12\/IMG-20191128-WA0015-768x576.jpg 768w, https:\/\/yerelsen.org.tr\/wp-content\/uploads\/2019\/12\/IMG-20191128-WA0015.jpg 1024w\" sizes=\"auto, (max-width: 699px) 100vw, 699px\" \/><br \/>\nDar\u0131ca Belediyesi\u2019nin 80 i\u015f\u00e7isini ilgilendiren toplu i\u015f s\u00f6zle\u015fmesi g\u00f6r\u00fc\u015fmelerinin ilki ger\u00e7ekle\u015ftirildi. 28.11.2019 tarihinde Dar\u0131ca Belediyesi hizmet binas\u0131nda ger\u00e7ekle\u015fen toplant\u0131da i\u015f\u00e7i taraf\u0131n\u0131n sundu\u011fu toplu i\u015f s\u00f6zle\u015fmesi tasla\u011f\u0131 de\u011ferlendirildi.<\/p>\n<p>Yerelsen\u2019in \u00fcye kurulu\u015flar\u0131ndan olan Dar\u0131ca Belediyesi\u2019nde ger\u00e7ekle\u015fen g\u00f6r\u00fc\u015fmede belediyeyi temsilen Ba\u015fkan Yard\u0131mc\u0131s\u0131 Nurdo\u011fan YILMAZ, \u0130nsan Kaynaklar\u0131 M\u00fcd\u00fcr\u00fc Y\u00fcksel ARAZ ve Mali Hizmetler M\u00fcd\u00fcr\u00fc Muhammet AK\u015e\u0130T kat\u0131ld\u0131. Sendika uzmanlar\u0131m\u0131zdan Hasan TENL\u0130K, Murat ASLAN ve Melih KURAN ise Yerelsen\u2019i temsil etti. G\u00f6r\u00fc\u015fmelerde i\u015f\u00e7i taraf\u0131 olarak yer alan Hizmet \u0130\u015f sendikas\u0131n\u0131 ise Kocaeli \u015eube Ba\u015fkan\u0131 \u0130dris ERSOY, \u015eube Ba\u015fkan Yard\u0131mc\u0131s\u0131 \u0130brahim \u00c7INAR, Disiplin Kurulu Ba\u015fkan\u0131 Tekin YAVUZ ve Temsilciler Sadrettin ALAKU\u015e ve Osman TA\u015e temsil etti.<\/p>\n<p>G\u00f6r\u00fc\u015fmelerden \u00f6nce yap\u0131lan temenni konu\u015fmalar\u0131nda Dar\u0131ca Belediye Ba\u015fkan Yard\u0131mc\u0131s\u0131 Nurdo\u011fan YILMAZ yeni d\u00f6nem i\u00e7in imzalanacak toplu i\u015f s\u00f6zle\u015fmesinin iki tarafa da hay\u0131rl\u0131 olmas\u0131n\u0131 temenni etti. Temenni konu\u015fmalar\u0131n\u0131n ard\u0131ndan ger\u00e7ekle\u015fen m\u00fczakerelerde i\u015f\u00e7i sendikas\u0131n\u0131n haz\u0131rlad\u0131\u011f\u0131 tasla\u011f\u0131n 5 maddesi ilk toplant\u0131da kabul edilirken 1 maddenin ise bir sonraki g\u00f6r\u00fc\u015fmeye ertelenmesine karar verildi.<\/p>\n","protected":false},"excerpt":{"rendered":"Dar\u0131ca Belediyesi\u2019nin 80 i\u015f\u00e7isini ilgilendiren toplu i\u015f s\u00f6zle\u015fmesi g\u00f6r\u00fc\u015fmelerinin ilki ger\u00e7ekle\u015ftirildi. 28.11.2019 tarihinde Dar\u0131ca Belediyesi hizmet binas\u0131nda ger\u00e7ekle\u015fen toplant\u0131da i\u015f\u00e7i [&hellip;]","protected":false},"author":3,"featured_media":9477,"comment_status":"closed","ping_status":"closed","sticky":false,"template":"","format":"standard","meta":{"footnotes":""},"categories":[24],"tags":[],"class_list":["post-9472","post","type-post","status-publish","format-standard","has-post-thumbnail","hentry","category-sozlesmeler"],"_links":{"self":[{"href":"https:\/\/yerelsen.org.tr\/index.php\/wp-json\/wp\/v2\/posts\/9472","targetHints":{"allow":["GET"]}}],"collection":[{"href":"https:\/\/yerelsen.org.tr\/index.php\/wp-json\/wp\/v2\/posts"}],"about":[{"href":"https:\/\/yerelsen.org.tr\/index.php\/wp-json\/wp\/v2\/types\/post"}],"author":[{"embeddable":true,"href":"https:\/\/yerelsen.org.tr\/index.php\/wp-json\/wp\/v2\/users\/3"}],"replies":[{"embeddable":true,"href":"https:\/\/yerelsen.org.tr\/index.php\/wp-json\/wp\/v2\/comments?post=9472"}],"version-history":[{"count":3,"href":"https:\/\/yerelsen.org.tr\/index.php\/wp-json\/wp\/v2\/posts\/9472\/revisions"}],"predecessor-version":[{"id":9478,"href":"https:\/\/yerelsen.org.tr\/index.php\/wp-json\/wp\/v2\/posts\/9472\/revisions\/9478"}],"wp:featuredmedia":[{"embeddable":true,"href":"https:\/\/yerelsen.org.tr\/index.php\/wp-json\/wp\/v2\/media\/9477"}],"wp:attachment":[{"href":"https:\/\/yerelsen.org.tr\/index.php\/wp-json\/wp\/v2\/media?parent=9472"}],"wp:term":[{"taxonomy":"category","embeddable":true,"href":"https:\/\/yerelsen.org.tr\/index.php\/wp-json\/wp\/v2\/categories?post=9472"},{"taxonomy":"post_tag","embeddable":true,"href":"https:\/\/yerelsen.org.tr\/index.php\/wp-json\/wp\/v2\/tags?post=9472"}],"curies":[{"name":"wp","href":"https:\/\/api.w.org\/{rel}","templated":true}]}}