{"id":9482,"date":"2019-12-06T20:52:20","date_gmt":"2019-12-06T18:52:20","guid":{"rendered":"https:\/\/yerelsen.org.tr\/?p=9482"},"modified":"2019-12-10T07:38:45","modified_gmt":"2019-12-10T05:38:45","slug":"altinovada-gorusmeler-suruyor","status":"publish","type":"post","link":"https:\/\/yerelsen.org.tr\/index.php\/altinovada-gorusmeler-suruyor\/","title":{"rendered":"Alt\u0131nova\u2019da G\u00f6r\u00fc\u015fmeler S\u00fcr\u00fcyor\u00a0"},"content":{"rendered":"<p><img loading=\"lazy\" decoding=\"async\" class=\"aligncenter wp-image-9483\" src=\"https:\/\/yerelsen.org.tr\/wp-content\/uploads\/2019\/12\/IMG-20191126-WA0003-850x638.jpg\" alt=\"\" width=\"696\" height=\"523\" srcset=\"https:\/\/yerelsen.org.tr\/wp-content\/uploads\/2019\/12\/IMG-20191126-WA0003-850x638.jpg 850w, https:\/\/yerelsen.org.tr\/wp-content\/uploads\/2019\/12\/IMG-20191126-WA0003-620x465.jpg 620w, https:\/\/yerelsen.org.tr\/wp-content\/uploads\/2019\/12\/IMG-20191126-WA0003-768x576.jpg 768w, https:\/\/yerelsen.org.tr\/wp-content\/uploads\/2019\/12\/IMG-20191126-WA0003-1536x1152.jpg 1536w, https:\/\/yerelsen.org.tr\/wp-content\/uploads\/2019\/12\/IMG-20191126-WA0003.jpg 1600w\" sizes=\"auto, (max-width: 696px) 100vw, 696px\" \/><\/p>\n<p>Yerelsen\u2019in\u00a0\u00fcye kurulu\u015flar\u0131 aras\u0131nda yer alan Alt\u0131nova Belediyesi\u2019nde 22 i\u015f\u00e7iyi ilgilendiren toplu i\u015f s\u00f6zle\u015fmesi g\u00f6r\u00fc\u015fmeleri ba\u015flad\u0131. Alt\u0131nova Belediyesi\u2019nin hizmet binas\u0131nda ger\u00e7ekle\u015fen g\u00f6r\u00fc\u015fmeler\u00a0Yerelsen\u2019in\u00a0\u00e7e\u015fitli g\u00f6r\u00fc\u015fmelerinin ard\u0131ndan ba\u015flad\u0131.<\/p>\n<p>21.11.2019 tarihinde ger\u00e7ekle\u015fen toplant\u0131da Alt\u0131nova Belediyesi\u2019ni\u00a0Mali Hizmetler M\u00fcd\u00fcr\u00fc Kemal YEREBATAN\u00a0temsil ederken\u00a0Yerelsen\u2019i\u00a0ise sendika uzmanlar\u0131ndan Murat ASLAN, Melih KURAN, \u0130brahim Halil \u00c7EL\u0130K ve Furkan YILDIRIM temsil etti. Toplant\u0131da i\u015f\u00e7i taraf\u0131n\u0131 temsil eden Hizmet-\u0130\u015f sendikas\u0131ndan ise\u00a0Kocaeli \u015eube Ba\u015fkan Yard\u0131mc\u0131lar\u0131\u00a0Muharrem SUBA\u015eI ve \u0130brahim \u00c7INAR\u00a0haz\u0131r bulundu.<\/p>\n<p>Toplant\u0131 \u00f6ncesinde yap\u0131lan temenni konu\u015fmalar\u0131nda Alt\u0131nova Belediyesi Mali Hizmetler M\u00fcd\u00fcr\u00fc Kemal YEREBATAN yeni d\u00f6nem i\u00e7in imzalanacak toplu\u00a0 i\u015f s\u00f6zle\u015fmesinin iki tarafa da hay\u0131rl\u0131 olmas\u0131n\u0131 temenni etti. Temenni konu\u015fmalar\u0131n\u0131n ard\u0131ndan ger\u00e7ekle\u015fen toplant\u0131da i\u015f\u00e7i sendikas\u0131n\u0131n haz\u0131rlad\u0131\u011f\u0131 tasla\u011f\u0131n 40 maddesi ilk toplant\u0131da kabul edildi ve 12 madde \u00fczerinde erteleme yap\u0131lmas\u0131na karar verildi.<\/p>\n","protected":false},"excerpt":{"rendered":"Yerelsen\u2019in\u00a0\u00fcye kurulu\u015flar\u0131 aras\u0131nda yer alan Alt\u0131nova Belediyesi\u2019nde 22 i\u015f\u00e7iyi ilgilendiren toplu i\u015f s\u00f6zle\u015fmesi g\u00f6r\u00fc\u015fmeleri ba\u015flad\u0131. Alt\u0131nova Belediyesi\u2019nin hizmet binas\u0131nda ger\u00e7ekle\u015fen [&hellip;]","protected":false},"author":3,"featured_media":9483,"comment_status":"closed","ping_status":"closed","sticky":false,"template":"","format":"standard","meta":{"footnotes":""},"categories":[24],"tags":[],"class_list":["post-9482","post","type-post","status-publish","format-standard","has-post-thumbnail","hentry","category-sozlesmeler"],"_links":{"self":[{"href":"https:\/\/yerelsen.org.tr\/index.php\/wp-json\/wp\/v2\/posts\/9482","targetHints":{"allow":["GET"]}}],"collection":[{"href":"https:\/\/yerelsen.org.tr\/index.php\/wp-json\/wp\/v2\/posts"}],"about":[{"href":"https:\/\/yerelsen.org.tr\/index.php\/wp-json\/wp\/v2\/types\/post"}],"author":[{"embeddable":true,"href":"https:\/\/yerelsen.org.tr\/index.php\/wp-json\/wp\/v2\/users\/3"}],"replies":[{"embeddable":true,"href":"https:\/\/yerelsen.org.tr\/index.php\/wp-json\/wp\/v2\/comments?post=9482"}],"version-history":[{"count":4,"href":"https:\/\/yerelsen.org.tr\/index.php\/wp-json\/wp\/v2\/posts\/9482\/revisions"}],"predecessor-version":[{"id":9499,"href":"https:\/\/yerelsen.org.tr\/index.php\/wp-json\/wp\/v2\/posts\/9482\/revisions\/9499"}],"wp:featuredmedia":[{"embeddable":true,"href":"https:\/\/yerelsen.org.tr\/index.php\/wp-json\/wp\/v2\/media\/9483"}],"wp:attachment":[{"href":"https:\/\/yerelsen.org.tr\/index.php\/wp-json\/wp\/v2\/media?parent=9482"}],"wp:term":[{"taxonomy":"category","embeddable":true,"href":"https:\/\/yerelsen.org.tr\/index.php\/wp-json\/wp\/v2\/categories?post=9482"},{"taxonomy":"post_tag","embeddable":true,"href":"https:\/\/yerelsen.org.tr\/index.php\/wp-json\/wp\/v2\/tags?post=9482"}],"curies":[{"name":"wp","href":"https:\/\/api.w.org\/{rel}","templated":true}]}}