{"id":9486,"date":"2019-12-06T21:00:06","date_gmt":"2019-12-06T19:00:06","guid":{"rendered":"https:\/\/yerelsen.org.tr\/?p=9486"},"modified":"2019-12-06T21:00:06","modified_gmt":"2019-12-06T19:00:06","slug":"derincede-ilk-gorusme-gerceklesti","status":"publish","type":"post","link":"https:\/\/yerelsen.org.tr\/index.php\/derincede-ilk-gorusme-gerceklesti\/","title":{"rendered":"Derince\u2019de \u0130lk G\u00f6r\u00fc\u015fme Ger\u00e7ekle\u015fti"},"content":{"rendered":"<p><img loading=\"lazy\" decoding=\"async\" class=\"aligncenter  wp-image-9487\" src=\"https:\/\/yerelsen.org.tr\/wp-content\/uploads\/2019\/12\/IMG-20191126-WA0009-850x638.jpg\" alt=\"\" width=\"698\" height=\"524\" srcset=\"https:\/\/yerelsen.org.tr\/wp-content\/uploads\/2019\/12\/IMG-20191126-WA0009-850x638.jpg 850w, https:\/\/yerelsen.org.tr\/wp-content\/uploads\/2019\/12\/IMG-20191126-WA0009-620x465.jpg 620w, https:\/\/yerelsen.org.tr\/wp-content\/uploads\/2019\/12\/IMG-20191126-WA0009-768x576.jpg 768w, https:\/\/yerelsen.org.tr\/wp-content\/uploads\/2019\/12\/IMG-20191126-WA0009-1536x1152.jpg 1536w, https:\/\/yerelsen.org.tr\/wp-content\/uploads\/2019\/12\/IMG-20191126-WA0009.jpg 1600w\" sizes=\"auto, (max-width: 698px) 100vw, 698px\" \/><\/p>\n<p>Derince Belediyesi\u2019nde 88 i\u015f\u00e7iyi ilgilendiren toplu i\u015f s\u00f6zle\u015fmelerine ba\u015fland\u0131. 26.11.2019 tarihinde Derince Belediyesi hizmet binas\u0131nda ger\u00e7ekle\u015fen toplant\u0131, Yerelsen\u2019in \u00e7e\u015fitli temaslar\u0131n\u0131n ard\u0131ndan ba\u015flad\u0131.<\/p>\n<p>Toplant\u0131da Derince Belediyesi\u2019ni temsilen Ba\u015fkan Yard\u0131mc\u0131s\u0131 Kemal BAYRAKTAR, \u0130nsan Kaynaklar\u0131 M\u00fcd\u00fcr\u00fc Yunus Emre YILMAZ, Mali Hizmetler M\u00fcd\u00fcr\u00fc Ferhat SAMUK ve Sedat YILMAZ kat\u0131ld\u0131. Yerelsen\u2019den ise Genel Sekreter Ali DANI\u015e, sendika uzmanlar\u0131ndan Hasan Tenlik, Murat Aslan ve Melih KURAN toplant\u0131ya kat\u0131ld\u0131. \u0130\u015f\u00e7i taraf\u0131n\u0131 Hizmet-\u0130\u015f sendikas\u0131n\u0131 temsil ederken, sendika yetkililerinden Kocaeli \u015eube Ba\u015fkan\u0131 \u0130dris ERSOY, \u015eube Ba\u015fkan Yard\u0131mc\u0131s\u0131 \u0130brahim \u00c7INAR \u015eube Ba\u015fkan Yard\u0131mc\u0131s\u0131 Tu\u011frultan \u00c7A\u011eDA\u015e ve Temsilciler Mustafa POLAT, Yasin DO\u011eAN ve Fatih \u00d6ZEC\u0130K g\u00f6r\u00fc\u015fmelerde haz\u0131r bulundu.<\/p>\n<p>Temenni konu\u015fmalar\u0131 ile ba\u015flayan toplant\u0131da Derince Belediye Ba\u015fkan Yard\u0131mc\u0131s\u0131 Kemal BAYRAKTAR yeni d\u00f6nem i\u00e7in imzalanacak toplu i\u015f s\u00f6zle\u015fmesinin iki tarafa da hay\u0131rl\u0131 olmas\u0131n\u0131 temenni etti. Ayr\u0131ca Yerelsen Genel Sekreteri Ali DANI\u015e \u201cho\u015fg\u00f6r\u00fcyle ve dialogla hem belediye ad\u0131na hem de i\u015f\u00e7iler ad\u0131na g\u00fczel bir s\u00f6zle\u015fmeye imza ataca\u011f\u0131m\u0131za inan\u0131yoruz. \u0130ki tarafa da hay\u0131rl\u0131 olmas\u0131n\u0131 temenni ediyorum\u201d dedi. Konu\u015fmalar\u0131n ard\u0131ndan ge\u00e7ilen toplant\u0131da i\u015f\u00e7i sendikas\u0131n\u0131n haz\u0131rlad\u0131\u011f\u0131 tasla\u011f\u0131n 5 maddesi ilk toplant\u0131da kabul edildi ve 1 madde \u00fczerinde erteleme yap\u0131lmas\u0131na karar verildi.<\/p>\n","protected":false},"excerpt":{"rendered":"Derince Belediyesi\u2019nde 88 i\u015f\u00e7iyi ilgilendiren toplu i\u015f s\u00f6zle\u015fmelerine ba\u015fland\u0131. 26.11.2019 tarihinde Derince Belediyesi hizmet binas\u0131nda ger\u00e7ekle\u015fen toplant\u0131, Yerelsen\u2019in \u00e7e\u015fitli temaslar\u0131n\u0131n [&hellip;]","protected":false},"author":3,"featured_media":9487,"comment_status":"closed","ping_status":"closed","sticky":false,"template":"","format":"standard","meta":{"footnotes":""},"categories":[24],"tags":[],"class_list":["post-9486","post","type-post","status-publish","format-standard","has-post-thumbnail","hentry","category-sozlesmeler"],"_links":{"self":[{"href":"https:\/\/yerelsen.org.tr\/index.php\/wp-json\/wp\/v2\/posts\/9486","targetHints":{"allow":["GET"]}}],"collection":[{"href":"https:\/\/yerelsen.org.tr\/index.php\/wp-json\/wp\/v2\/posts"}],"about":[{"href":"https:\/\/yerelsen.org.tr\/index.php\/wp-json\/wp\/v2\/types\/post"}],"author":[{"embeddable":true,"href":"https:\/\/yerelsen.org.tr\/index.php\/wp-json\/wp\/v2\/users\/3"}],"replies":[{"embeddable":true,"href":"https:\/\/yerelsen.org.tr\/index.php\/wp-json\/wp\/v2\/comments?post=9486"}],"version-history":[{"count":1,"href":"https:\/\/yerelsen.org.tr\/index.php\/wp-json\/wp\/v2\/posts\/9486\/revisions"}],"predecessor-version":[{"id":9488,"href":"https:\/\/yerelsen.org.tr\/index.php\/wp-json\/wp\/v2\/posts\/9486\/revisions\/9488"}],"wp:featuredmedia":[{"embeddable":true,"href":"https:\/\/yerelsen.org.tr\/index.php\/wp-json\/wp\/v2\/media\/9487"}],"wp:attachment":[{"href":"https:\/\/yerelsen.org.tr\/index.php\/wp-json\/wp\/v2\/media?parent=9486"}],"wp:term":[{"taxonomy":"category","embeddable":true,"href":"https:\/\/yerelsen.org.tr\/index.php\/wp-json\/wp\/v2\/categories?post=9486"},{"taxonomy":"post_tag","embeddable":true,"href":"https:\/\/yerelsen.org.tr\/index.php\/wp-json\/wp\/v2\/tags?post=9486"}],"curies":[{"name":"wp","href":"https:\/\/api.w.org\/{rel}","templated":true}]}}