{"id":9541,"date":"2020-02-01T12:23:05","date_gmt":"2020-02-01T10:23:05","guid":{"rendered":"https:\/\/yerelsen.org.tr\/?p=9541"},"modified":"2020-02-01T12:23:05","modified_gmt":"2020-02-01T10:23:05","slug":"saruhanlida-mutabakat-saglandi","status":"publish","type":"post","link":"https:\/\/yerelsen.org.tr\/index.php\/saruhanlida-mutabakat-saglandi\/","title":{"rendered":"Saruhanl\u0131\u2019da Mutabakat Sa\u011fland\u0131"},"content":{"rendered":"<p><span class=\"s1\"><img loading=\"lazy\" decoding=\"async\" class=\"aligncenter wp-image-9542\" src=\"https:\/\/yerelsen.org.tr\/wp-content\/uploads\/2020\/02\/IMG-20191219-WA0013-850x638.jpg\" alt=\"\" width=\"699\" height=\"525\" srcset=\"https:\/\/yerelsen.org.tr\/wp-content\/uploads\/2020\/02\/IMG-20191219-WA0013-850x638.jpg 850w, https:\/\/yerelsen.org.tr\/wp-content\/uploads\/2020\/02\/IMG-20191219-WA0013-620x465.jpg 620w, https:\/\/yerelsen.org.tr\/wp-content\/uploads\/2020\/02\/IMG-20191219-WA0013-768x576.jpg 768w, https:\/\/yerelsen.org.tr\/wp-content\/uploads\/2020\/02\/IMG-20191219-WA0013-1536x1152.jpg 1536w, https:\/\/yerelsen.org.tr\/wp-content\/uploads\/2020\/02\/IMG-20191219-WA0013.jpg 1600w\" sizes=\"auto, (max-width: 699px) 100vw, 699px\" \/><\/span><br \/>\nSaruhanl\u0131 Belediyesi\u2019nde bir s\u00fcredir devam eden toplu i\u015f s\u00f6zle\u015fmesi g\u00f6r\u00fc\u015fmeleri 19.12.2019 tarihinde sona erdi. Saruhanl\u0131 Belediyesi hizmet binas\u0131nda ger\u00e7ekle\u015fen toplant\u0131, olumlu bir atmosferde ge\u00e7erken sunulan taslak \u00fczerindeki son m\u00fczakereler yap\u0131lm\u0131\u015f oldu.<\/p>\n<p>Yerelsen\u2019in \u00e7e\u015fitli temaslar\u0131n\u0131n ard\u0131ndan ba\u015flayan toplant\u0131ya belediyeyi temsilen Ba\u015fkan Zeki B\u0130LG\u0130N, Mali Hizmetler M\u00fcd\u00fcr\u00fc Mehmet ERB\u0130L ve Mali Hizmetler \u015eefi Meryem BA\u015eLILAR kat\u0131l\u0131rken Yerelsen\u2019den ise sendika uzmanlar\u0131m\u0131z Cavit TOKPINAR ve Furkan YILDIRIM haz\u0131r bulundu. Toplant\u0131da i\u015f\u00e7i taraf\u0131n\u0131 Belediye-\u0130\u015f sendikas\u0131 temsil ederken Manisa \u015eube Ba\u015fkan\u0131 G\u00f6kay SEZG\u0130N ve Temsilci Hasan KOZLU toplant\u0131ya i\u015ftirak etti.<\/p>\n<p>Yap\u0131lan toplant\u0131da Saruhanl\u0131 Belediye Ba\u015fkan\u0131 Zeki B\u0130LG\u0130N temenni konu\u015fmas\u0131nda yeni d\u00f6nem i\u00e7in imzalanan toplu\u00a0 i\u015f s\u00f6zle\u015fmesinin iki tarafa da hay\u0131rl\u0131 olmas\u0131n\u0131 istediklerini ifade etti. Konu\u015fmalar\u0131n ard\u0131ndan sunulan taslak \u00fczerinde mutabakat sa\u011flanarak imzalar at\u0131ld\u0131.<\/p>\n","protected":false},"excerpt":{"rendered":"Saruhanl\u0131 Belediyesi\u2019nde bir s\u00fcredir devam eden toplu i\u015f s\u00f6zle\u015fmesi g\u00f6r\u00fc\u015fmeleri 19.12.2019 tarihinde sona erdi. Saruhanl\u0131 Belediyesi hizmet binas\u0131nda ger\u00e7ekle\u015fen toplant\u0131, [&hellip;]","protected":false},"author":3,"featured_media":9542,"comment_status":"closed","ping_status":"closed","sticky":false,"template":"","format":"standard","meta":{"footnotes":""},"categories":[24],"tags":[],"class_list":["post-9541","post","type-post","status-publish","format-standard","has-post-thumbnail","hentry","category-sozlesmeler"],"_links":{"self":[{"href":"https:\/\/yerelsen.org.tr\/index.php\/wp-json\/wp\/v2\/posts\/9541","targetHints":{"allow":["GET"]}}],"collection":[{"href":"https:\/\/yerelsen.org.tr\/index.php\/wp-json\/wp\/v2\/posts"}],"about":[{"href":"https:\/\/yerelsen.org.tr\/index.php\/wp-json\/wp\/v2\/types\/post"}],"author":[{"embeddable":true,"href":"https:\/\/yerelsen.org.tr\/index.php\/wp-json\/wp\/v2\/users\/3"}],"replies":[{"embeddable":true,"href":"https:\/\/yerelsen.org.tr\/index.php\/wp-json\/wp\/v2\/comments?post=9541"}],"version-history":[{"count":1,"href":"https:\/\/yerelsen.org.tr\/index.php\/wp-json\/wp\/v2\/posts\/9541\/revisions"}],"predecessor-version":[{"id":9543,"href":"https:\/\/yerelsen.org.tr\/index.php\/wp-json\/wp\/v2\/posts\/9541\/revisions\/9543"}],"wp:featuredmedia":[{"embeddable":true,"href":"https:\/\/yerelsen.org.tr\/index.php\/wp-json\/wp\/v2\/media\/9542"}],"wp:attachment":[{"href":"https:\/\/yerelsen.org.tr\/index.php\/wp-json\/wp\/v2\/media?parent=9541"}],"wp:term":[{"taxonomy":"category","embeddable":true,"href":"https:\/\/yerelsen.org.tr\/index.php\/wp-json\/wp\/v2\/categories?post=9541"},{"taxonomy":"post_tag","embeddable":true,"href":"https:\/\/yerelsen.org.tr\/index.php\/wp-json\/wp\/v2\/tags?post=9541"}],"curies":[{"name":"wp","href":"https:\/\/api.w.org\/{rel}","templated":true}]}}