{"id":9544,"date":"2020-02-01T12:32:53","date_gmt":"2020-02-01T10:32:53","guid":{"rendered":"https:\/\/yerelsen.org.tr\/?p=9544"},"modified":"2020-02-03T14:09:51","modified_gmt":"2020-02-03T12:09:51","slug":"arifiye-belediyesinde-gorusmeler-suruyor","status":"publish","type":"post","link":"https:\/\/yerelsen.org.tr\/index.php\/arifiye-belediyesinde-gorusmeler-suruyor\/","title":{"rendered":"Arifiye Belediyesi\u2019nde G\u00f6r\u00fc\u015fmeler S\u00fcr\u00fcyor"},"content":{"rendered":"<p><img loading=\"lazy\" decoding=\"async\" class=\"aligncenter wp-image-9545\" src=\"https:\/\/yerelsen.org.tr\/wp-content\/uploads\/2020\/02\/WhatsApp-Image-2020-01-24-at-11.30.58-850x638.jpeg\" alt=\"\" width=\"699\" height=\"525\" srcset=\"https:\/\/yerelsen.org.tr\/wp-content\/uploads\/2020\/02\/WhatsApp-Image-2020-01-24-at-11.30.58-850x638.jpeg 850w, https:\/\/yerelsen.org.tr\/wp-content\/uploads\/2020\/02\/WhatsApp-Image-2020-01-24-at-11.30.58-620x465.jpeg 620w, https:\/\/yerelsen.org.tr\/wp-content\/uploads\/2020\/02\/WhatsApp-Image-2020-01-24-at-11.30.58-768x576.jpeg 768w, https:\/\/yerelsen.org.tr\/wp-content\/uploads\/2020\/02\/WhatsApp-Image-2020-01-24-at-11.30.58-1536x1152.jpeg 1536w, https:\/\/yerelsen.org.tr\/wp-content\/uploads\/2020\/02\/WhatsApp-Image-2020-01-24-at-11.30.58.jpeg 1600w\" sizes=\"auto, (max-width: 699px) 100vw, 699px\" \/><\/p>\n<p>Yerelsen\u2019in \u00fcye belediyelerinden Arifiye\u2019de toplu i\u015f s\u00f6zle\u015fmesi g\u00f6r\u00fc\u015fmeleri s\u00fcr\u00fcyor. 14.01.2020 tarihinde Arifiye Belediyesi\u2019nde ger\u00e7ekle\u015fen toplant\u0131da toplu i\u015f s\u00f6zle\u015fmesi tasla\u011f\u0131 \u00fczerine m\u00fczakereler ba\u015flad\u0131.<\/p>\n<p>Yerelsen\u2019in \u00e7e\u015fitli g\u00f6r\u00fc\u015fmelerinin ard\u0131ndan ba\u015flayan toplant\u0131da Arifiye Belediyesi\u2019ni Ba\u015fkan Yad\u0131mc\u0131s\u0131 Adnan A\u011eIRMAN temsil ederken, sendika uzmanlar\u0131m\u0131z Murat ASLAN, Melih KURAN ve \u0130brahim Halil \u00c7EL\u0130K kat\u0131l\u0131m sa\u011flad\u0131lar. \u0130\u015f\u00e7i taraf\u0131n\u0131 Hizmet-\u0130\u015f Sendikas\u0131n\u0131n temsil etti\u011fi toplant\u0131da sendikan\u0131n Sakarya \u015eube Ba\u015fkan\u0131 Mehmet Mesut G\u00d6KDEM\u0130R, \u015eube Ba\u015fkan Yard\u0131mc\u0131s\u0131 (T\u0130S) Resul Y\u00dcKSEL, \u015eube Ba\u015fkan Yard\u0131mc\u0131s\u0131 (Mali) Ertu\u011frul \u00c7AKMAK, \u015eube Ba\u015fkan Yard\u0131mc\u0131s\u0131 (Te\u015fkilat) \u0130brahim YILMAZ ve \u0130\u015fyeri Sendika Temsilcisi S\u00fcleyman YILDIZ haz\u0131r bulundu.<\/p>\n<p>Yap\u0131lan toplant\u0131da i\u015f\u00e7i sendikas\u0131n\u0131n haz\u0131rlad\u0131\u011f\u0131 76 maddelik tasla\u011f\u0131n 15 maddesi kabul edilirken, kalan maddeler \u00fczerinde m\u00fczakerelerin s\u00fcrmesi kararla\u015ft\u0131r\u0131ld\u0131.<\/p>\n","protected":false},"excerpt":{"rendered":"Yerelsen\u2019in \u00fcye belediyelerinden Arifiye\u2019de toplu i\u015f s\u00f6zle\u015fmesi g\u00f6r\u00fc\u015fmeleri s\u00fcr\u00fcyor. 14.01.2020 tarihinde Arifiye Belediyesi\u2019nde ger\u00e7ekle\u015fen toplant\u0131da toplu i\u015f s\u00f6zle\u015fmesi tasla\u011f\u0131 \u00fczerine [&hellip;]","protected":false},"author":3,"featured_media":9545,"comment_status":"closed","ping_status":"closed","sticky":false,"template":"","format":"standard","meta":{"footnotes":""},"categories":[24],"tags":[],"class_list":["post-9544","post","type-post","status-publish","format-standard","has-post-thumbnail","hentry","category-sozlesmeler"],"_links":{"self":[{"href":"https:\/\/yerelsen.org.tr\/index.php\/wp-json\/wp\/v2\/posts\/9544","targetHints":{"allow":["GET"]}}],"collection":[{"href":"https:\/\/yerelsen.org.tr\/index.php\/wp-json\/wp\/v2\/posts"}],"about":[{"href":"https:\/\/yerelsen.org.tr\/index.php\/wp-json\/wp\/v2\/types\/post"}],"author":[{"embeddable":true,"href":"https:\/\/yerelsen.org.tr\/index.php\/wp-json\/wp\/v2\/users\/3"}],"replies":[{"embeddable":true,"href":"https:\/\/yerelsen.org.tr\/index.php\/wp-json\/wp\/v2\/comments?post=9544"}],"version-history":[{"count":2,"href":"https:\/\/yerelsen.org.tr\/index.php\/wp-json\/wp\/v2\/posts\/9544\/revisions"}],"predecessor-version":[{"id":9548,"href":"https:\/\/yerelsen.org.tr\/index.php\/wp-json\/wp\/v2\/posts\/9544\/revisions\/9548"}],"wp:featuredmedia":[{"embeddable":true,"href":"https:\/\/yerelsen.org.tr\/index.php\/wp-json\/wp\/v2\/media\/9545"}],"wp:attachment":[{"href":"https:\/\/yerelsen.org.tr\/index.php\/wp-json\/wp\/v2\/media?parent=9544"}],"wp:term":[{"taxonomy":"category","embeddable":true,"href":"https:\/\/yerelsen.org.tr\/index.php\/wp-json\/wp\/v2\/categories?post=9544"},{"taxonomy":"post_tag","embeddable":true,"href":"https:\/\/yerelsen.org.tr\/index.php\/wp-json\/wp\/v2\/tags?post=9544"}],"curies":[{"name":"wp","href":"https:\/\/api.w.org\/{rel}","templated":true}]}}